{"id":13,"date":"2012-12-20T11:35:55","date_gmt":"2012-12-20T10:35:55","guid":{"rendered":"http:\/\/rozaria.pl\/blog\/?p=13"},"modified":"2024-03-04T10:58:58","modified_gmt":"2024-03-04T09:58:58","slug":"kiedy-sadzic-roze","status":"publish","type":"post","link":"https:\/\/rozaria.pl\/blog\/kiedy-sadzic-roze\/","title":{"rendered":"Kiedy sadzi\u0107 r\u00f3\u017ce. Wiosn\u0105, jesieni\u0105 a mo\u017ce ca\u0142y rok?"},"content":{"rendered":"<h2 style=\"text-align: justify;\"><span style=\"font-size: 14pt;\">Sadzenie R\u00f3\u017c<\/span><\/h2>\n<p style=\"text-align: justify;\"><span style=\"font-size: 14pt;\"><strong><em>Kiedy sadzi\u0107 r\u00f3\u017ce<\/em><\/strong>, by proces zako\u0144czy\u0142 si\u0119 sukcesem i procentowa\u0142 w kolejnych sezonach. Sadzenie r\u00f3\u017c jest kluczowym momentem, kt\u00f3ry decyduje o przysz\u0142ym zdrowiu i kwitnieniu tych wyj\u0105tkowych ro\u015blin. Aby osi\u0105gn\u0105\u0107 najlepsze rezultaty, wa\u017cne jest, aby zrozumie\u0107 r\u00f3\u017cnice mi\u0119dzy sadzeniem r\u00f3\u017c zakupionych w doniczce oraz tych z go\u0142ym korzeniem, a tak\u017ce dobra\u0107 optymalny czas sadzenia w zale\u017cno\u015bci od warunk\u00f3w klimatycznych i glebowych.<\/span><\/p>\n<h2 style=\"text-align: justify;\">Kiedy najlepiej sadzi\u0107 r\u00f3\u017ce?<\/h2>\n<p style=\"text-align: justify;\"><span style=\"font-size: 14pt;\">Optymalny czas sadzenia r\u00f3\u017c zale\u017cy od kilku czynnik\u00f3w, w tym od klimatu, w kt\u00f3rym znajduje si\u0119 ogr\u00f3d, oraz od typu r\u00f3\u017c, kt\u00f3re zamierzamy posadzi\u0107. Generalnie, r\u00f3\u017ce najlepiej sadzi\u0107 w okresie spoczynku ro\u015blin, czyli jesieni\u0105 lub wczesn\u0105 wiosn\u0105, unikaj\u0105c okres\u00f3w mro\u017anych i ekstremalnych upa\u0142\u00f3w.<\/span><\/p>\n<h3 style=\"text-align: justify;\"><a href=\"https:\/\/rozaria.pl\/blog\/wp-content\/uploads\/2012\/12\/old-port-scaled.jpg\"><img loading=\"lazy\" decoding=\"async\" class=\"alignleft size-medium wp-image-5486\" src=\"https:\/\/rozaria.pl\/blog\/wp-content\/uploads\/2012\/12\/old-port-200x300.jpg\" alt=\"\" width=\"200\" height=\"300\" srcset=\"https:\/\/rozaria.pl\/blog\/wp-content\/uploads\/2012\/12\/old-port-100x150.jpg 100w, https:\/\/rozaria.pl\/blog\/wp-content\/uploads\/2012\/12\/old-port-200x300.jpg 200w, https:\/\/rozaria.pl\/blog\/wp-content\/uploads\/2012\/12\/old-port-400x600.jpg 400w, https:\/\/rozaria.pl\/blog\/wp-content\/uploads\/2012\/12\/old-port-600x900.jpg 600w, https:\/\/rozaria.pl\/blog\/wp-content\/uploads\/2012\/12\/old-port-683x1024.jpg 683w, https:\/\/rozaria.pl\/blog\/wp-content\/uploads\/2012\/12\/old-port-768x1152.jpg 768w, https:\/\/rozaria.pl\/blog\/wp-content\/uploads\/2012\/12\/old-port-800x1200.jpg 800w, https:\/\/rozaria.pl\/blog\/wp-content\/uploads\/2012\/12\/old-port-1024x1536.jpg 1024w, https:\/\/rozaria.pl\/blog\/wp-content\/uploads\/2012\/12\/old-port-1200x1800.jpg 1200w, https:\/\/rozaria.pl\/blog\/wp-content\/uploads\/2012\/12\/old-port-1365x2048.jpg 1365w, https:\/\/rozaria.pl\/blog\/wp-content\/uploads\/2012\/12\/old-port-scaled.jpg 1707w\" sizes=\"(max-width: 200px) 100vw, 200px\" \/><\/a>Sadzenie r\u00f3\u017c z doniczki<\/h3>\n<p style=\"text-align: justify;\"><span style=\"font-size: 14pt;\">R\u00f3\u017ce kupione w doniczce maj\u0105 t\u0119 przewag\u0119, \u017ce mo\u017cna je sadzi\u0107 niemal przez ca\u0142y sezon wegetacyjny. Dzi\u0119ki temu, \u017ce s\u0105 one ju\u017c cz\u0119\u015bciowo ukorzenione, adaptacja do nowego miejsca w ogrodzie jest szybsza i \u0142atwiejsza. Jednak najlepszym czasem na sadzenie tych r\u00f3\u017c jest wczesna wiosna lub jesie\u0144, co pozwala ro\u015blinom na aklimatyzacj\u0119 przed ekstremalnymi temperaturami lata lub zimy.<\/span><\/p>\n<h3 style=\"text-align: justify;\">Sadzenie r\u00f3\u017c z go\u0142ym korzeniem<\/h3>\n<p style=\"text-align: justify;\"><span style=\"font-size: 14pt;\"><a href=\"http:\/\/rozaria.pl\/blog\/wp-content\/uploads\/2012\/12\/sadzenie.jpg\"><img loading=\"lazy\" decoding=\"async\" class=\"wp-image-154 size-medium alignright\" style=\"border: 2px solid black;\" src=\"https:\/\/rozaria.pl\/blog\/wp-content\/uploads\/2012\/12\/sadzenie-300x225.jpg\" alt=\"kiedy sadzi\u0107 r\u00f3\u017ce\" width=\"300\" height=\"225\" srcset=\"https:\/\/rozaria.pl\/blog\/wp-content\/uploads\/2012\/12\/sadzenie-150x113.jpg 150w, https:\/\/rozaria.pl\/blog\/wp-content\/uploads\/2012\/12\/sadzenie-300x225.jpg 300w, https:\/\/rozaria.pl\/blog\/wp-content\/uploads\/2012\/12\/sadzenie.jpg 640w\" sizes=\"(max-width: 300px) 100vw, 300px\" \/><\/a>R\u00f3\u017ce z go\u0142ym korzeniem oferuj\u0105 zupe\u0142nie inne wyzwanie. Ich sadzenie jest ograniczone do dw\u00f3ch g\u0142\u00f3wnych okres\u00f3w: jesieni (od pa\u017adziernika do pierwszych silnych mroz\u00f3w) oraz wiosny (od roztajania gleby do momentu, gdy p\u0105ki zaczynaj\u0105 p\u0119ka\u0107, zwykle w marcu i kwietniu). Czasami mo\u017cemy kupi\u0107 r\u00f3\u017ce z go\u0142ym korzeniem nawet i w maju. Oznacza to, \u017ce krzewy r\u00f3\u017c zosta\u0142y przechowane przez okres zimowy w ch\u0142odniach. Jednak r\u00f3\u017ce z ch\u0142odni posadzone w maju b\u0119d\u0105 nam kwit\u0142y du\u017co p\u00f3\u017aniej a ich wzrost b\u0119dzie wyra\u017anie s\u0142abszy. Jesienne sadzenie pozwala ro\u015blinom na lepsze ukorzenienie si\u0119 i aklimatyzacj\u0119, zwi\u0119kszaj\u0105c ich szanse na przetrwanie i bujny wzrost w kolejnym sezonie. Wiosenne sadzenie, cho\u0107 nara\u017cone na ryzyko suszy, daje ro\u015blinom szans\u0119 na unikni\u0119cie zimowych szk\u00f3d.<\/span><\/p>\n<h2 style=\"text-align: justify;\">Wiosna czy jesie\u0144 \u2013 kiedy sadzi\u0107 krzewy r\u00f3\u017c?<\/h2>\n<p style=\"text-align: justify;\"><span style=\"font-size: 14pt;\">Decyzja o tym, kiedy sadzi\u0107 r\u00f3\u017ce, cz\u0119sto zale\u017cy od lokalnych warunk\u00f3w klimatycznych i glebowych. W regionach ch\u0142odniejszych i wilgotniejszych preferuje si\u0119 wiosenne sadzenie, aby unikn\u0105\u0107 ryzyka przemarzni\u0119cia. W cieplejszych regionach, gdzie gleba szybciej si\u0119 nagrzewa, jesienne sadzenie mo\u017ce by\u0107 bardziej korzystne, poniewa\u017c ro\u015bliny maj\u0105 wi\u0119cej czasu na ukorzenienie si\u0119 przed nadej\u015bciem gor\u0105cego lata.<\/span><\/p>\n<h3 style=\"text-align: justify;\">Wady i zalety sadzenia wiosn\u0105 i jesieni\u0105<\/h3>\n<h4 style=\"text-align: justify;\">Sadzenie jesieni\u0105<\/h4>\n<p style=\"text-align: justify;\"><span style=\"font-size: 14pt;\">Jesie\u0144 jest uznawana za najlepszy czas na sadzenie r\u00f3\u017c w wielu klimatach, poniewa\u017c ro\u015bliny maj\u0105 czas na ukorzenienie si\u0119 przed nadej\u015bciem zimy. Optymalny czas na jesienne sadzenie to okres od po\u0142owy wrze\u015bnia do ko\u0144ca pa\u017adziernika, ale zawsze przed pierwszymi przymrozkami. Przy sadzeniu jesiennym ro\u015bliny ukorzeniaj\u0105 si\u0119 szybciej i r\u00f3wnomierniej oraz nie grozi im przeschni\u0119cie. Ponadto cena r\u00f3\u017c jesieni\u0105 zaraz po wykopaniu ze szk\u00f3\u0142ki jest ni\u017csza a wyb\u00f3r zawsze wi\u0119kszy. Szk\u00f3\u0142ki nie ponosz\u0105 koszt\u00f3w przechowywania. Minusem dla kupuj\u0105cych jest to, \u017ce zawsze istnieje ryzyko przemarzni\u0119cia w zimie \u015bwie\u017co wsadzonych sadzonek. Wieloletnie, dobrze ukorzenione krzewy r\u00f3\u017c zawsze lepiej znios\u0105 nam okres zimowy. <\/span><\/p>\n<h4 style=\"text-align: justify;\">Kiedy sadzi\u0107 r\u00f3\u017ce na wiosn\u0119?<\/h4>\n<p style=\"text-align: justify;\"><span style=\"font-size: 14pt;\">Wiosenne sadzenie r\u00f3\u017c jest zalecane w regionach, gdzie zimy s\u0105 bardzo surowe i istnieje ryzyko przemarzni\u0119cia m\u0142odych ro\u015blin. Idealny czas to okres po ostatnich przymrozkach, zazwyczaj od marca do kwietnia. <\/span><span style=\"font-size: 14pt;\">Wiosn\u0105 odwrotnie, g\u0142\u00f3wnym niebezpiecze\u0144stwem jest mo\u017cliwo\u015b\u0107 d\u0142ugotrwa\u0142ej suszy i \u015bwie\u017co posadzonym ro\u015blinom grozi przeschni\u0119cie. Mo\u017cemy jednak\u017ce temu przeciwdzia\u0142a\u0107 podlewaniem. Trzeba tylko o tym pami\u0119ta\u0107. Wiosn\u0105 po zimie gleba jest ponadto zimna &#8211; w przeciwie\u0144stwie do jesieni &#8211; co te\u017c mniej sprzyja sadzonym r\u00f3\u017com.<\/span><\/p>\n<h3 style=\"padding-left: 30px; text-align: justify;\"><span style=\"font-size: 14pt;\">Jaki zatem wybra\u0107 termin<br \/>\n<\/span><\/h3>\n<p style=\"padding-left: 30px; text-align: justify;\"><span style=\"font-size: 14pt;\">O tym kiedy sadzimy r\u00f3\u017ce decyduje miejsce zamieszkania. W du\u017cym uproszczeniu mo\u017cna przyj\u0105\u0107, \u017ce w okolicach ch\u0142odniejszych i bardziej wilgotnych sadzimy krzewy r\u00f3\u017c wiosn\u0105, a w cieplejszych i o l\u017cejszych glebach &#8211; jesieni\u0105. Najlepiej sadzi\u0107 r\u00f3\u017ce w dzie\u0144 pochmurny, bezwietrzny a je\u017celi zalega mg\u0142a lub pada kapu\u015bniaczek &#8211; tym lepiej dla ro\u015blin.<\/span><\/p>\n<h2 style=\"text-align: justify;\">Kiedy sadzi\u0107 r\u00f3\u017ce rabatowe?<\/h2>\n<p style=\"text-align: justify;\"><span style=\"font-size: 14pt;\">R\u00f3\u017ce rabatowe, ze wzgl\u0119du na ich zastosowanie i potrzeby, r\u00f3wnie\u017c najlepiej sadzi\u0107 jesieni\u0105 lub wczesn\u0105 wiosn\u0105, podobnie jak inne typy r\u00f3\u017c. Jesienne sadzenie pozwala na lepsze ukorzenienie si\u0119 ro\u015blin i przygotowanie ich do kwitnienia w nast\u0119pnym sezonie. W przypadku sadzenia wiosennego kluczowe jest, aby poczeka\u0107, a\u017c minie ryzyko przymrozk\u00f3w, aby unikn\u0105\u0107 uszkodzenia m\u0142odych p\u0119d\u00f3w. W obydwu przypadkach po posadzeniu krzew\u00f3w zalecane jest obfite podlanie a nast\u0119pnie okopczykowanie r\u00f3\u017c rabatowych. Jesieni\u0105 chroni to krzewy przed przemro\u017ceniem p\u0119d\u00f3w, natomiast wiosn\u0105 przed wysuszeniem p\u0119d\u00f3w.<\/span><\/p>\n<h2 style=\"text-align: justify;\"><a href=\"https:\/\/rozaria.pl\/roze-pienne\">R\u00f3\u017ce pienne<\/a> \u2013 specjalne przypadki<a href=\"https:\/\/rozaria.pl\/blog\/wp-content\/uploads\/2024\/02\/roza_pienna_rabata.jpg\"><img loading=\"lazy\" decoding=\"async\" class=\"alignright size-medium wp-image-5412\" src=\"https:\/\/rozaria.pl\/blog\/wp-content\/uploads\/2024\/02\/roza_pienna_rabata-300x269.jpg\" alt=\"kiedy sadzi\u0107 r\u00f3\u017ce pienne\" width=\"300\" height=\"269\" srcset=\"https:\/\/rozaria.pl\/blog\/wp-content\/uploads\/2024\/02\/roza_pienna_rabata-150x134.jpg 150w, https:\/\/rozaria.pl\/blog\/wp-content\/uploads\/2024\/02\/roza_pienna_rabata-200x179.jpg 200w, https:\/\/rozaria.pl\/blog\/wp-content\/uploads\/2024\/02\/roza_pienna_rabata-300x269.jpg 300w, https:\/\/rozaria.pl\/blog\/wp-content\/uploads\/2024\/02\/roza_pienna_rabata-400x359.jpg 400w, https:\/\/rozaria.pl\/blog\/wp-content\/uploads\/2024\/02\/roza_pienna_rabata-600x538.jpg 600w, https:\/\/rozaria.pl\/blog\/wp-content\/uploads\/2024\/02\/roza_pienna_rabata-768x689.jpg 768w, https:\/\/rozaria.pl\/blog\/wp-content\/uploads\/2024\/02\/roza_pienna_rabata.jpg 793w\" sizes=\"(max-width: 300px) 100vw, 300px\" \/><\/a><\/h2>\n<p style=\"text-align: justify;\"><span style=\"font-size: 14pt;\">R\u00f3\u017ce pienne, ze wzgl\u0119du na swoj\u0105 budow\u0119 i cen\u0119, wymagaj\u0105 szczeg\u00f3lnej uwagi. Tutaj zalecane jest sadzenie wiosenne, co minimalizuje ryzyko przemarzni\u0119cia, kt\u00f3re jest znacznie wi\u0119ksze ni\u017c w przypadku r\u00f3\u017c krzaczastych. A \u017ce s\u0105 dro\u017csze strata by\u0142aby tym dotkliwsza. Unika si\u0119 wi\u0119c konieczno\u015bci solidnego okrywania na zim\u0119 zaraz po posadzeniu. Wiosenne sadzenie daje tym drogocennym ro\u015blinom szans\u0119 na solidne ukorzenienie si\u0119 i aklimatyzacj\u0119 przed zim\u0105.<\/span><\/p>\n<h2 style=\"text-align: justify;\">Podsumowanie<\/h2>\n<p style=\"text-align: justify;\"><span style=\"font-size: 14pt;\">Nie ma jednoznacznej odpowiedzi na pytanie, kiedy najlepiej sadzi\u0107 r\u00f3\u017ce, poniewa\u017c wiele zale\u017cy od specyficznych warunk\u00f3w. Kluczem do sukcesu jest dostosowanie terminu sadzenia do typu zakupionych r\u00f3\u017c oraz warunk\u00f3w panuj\u0105cych w miejscu ich przysz\u0142ego wzrostu. Niezale\u017cnie od wybranego terminu, pami\u0119taj o odpowiednim przygotowaniu gleby, zapewnieniu ro\u015blinom odpowiedniej ilo\u015bci wody i ochronie przed ekstremalnymi warunkami pogodowymi. Te wszystkie zabiegi pozwol\u0105 cieszy\u0107 si\u0119 pi\u0119knem r\u00f3\u017c przez wiele lat.<\/span><\/p>\n<p style=\"text-align: justify;\"><span style=\"font-size: 14pt;\">\u00a0<\/span><\/p>\n","protected":false},"excerpt":{"rendered":"<p>Sadzenie R\u00f3\u017c Kiedy sadzi\u0107 r\u00f3\u017ce, by proces zako\u0144czy\u0142 si\u0119 sukcesem i procentowa\u0142 w kolejnych sezonach. Sadzenie r\u00f3\u017c jest kluczowym momentem, kt\u00f3ry decyduje o przysz\u0142ym zdrowiu i kwitnieniu tych wyj\u0105tkowych ro\u015blin. Aby osi\u0105gn\u0105\u0107 najlepsze rezultaty, wa\u017cne jest, aby zrozumie\u0107 r\u00f3\u017cnice mi\u0119dzy [&hellip;]<\/p>\n","protected":false},"author":1,"featured_media":154,"comment_status":"open","ping_status":"open","sticky":false,"template":"","format":"standard","meta":{"_mi_skip_tracking":false,"_monsterinsights_sitenote_active":false,"_monsterinsights_sitenote_note":"","_monsterinsights_sitenote_category":0,"footnotes":""},"categories":[7],"tags":[2,9,10],"yoast_head":"<!-- This site is optimized with the Yoast SEO plugin v23.5 - https:\/\/yoast.com\/wordpress\/plugins\/seo\/ -->\n<title>Kiedy sadzi\u0107 r\u00f3\u017ce. Wiosn\u0105, jesieni\u0105 a mo\u017ce ca\u0142y rok? - blog Rozaria.pl<\/title>\n<meta name=\"description\" content=\"Kiedy najlepiej sadzi\u0107 r\u00f3\u017ce, aby cieszy\u0107 si\u0119 ich pi\u0119knem przez ca\u0142y sezon? Dowiedz si\u0119, kiedy jest najlepszy czas na sadzenie r\u00f3\u017c w ogrodach.\" \/>\n<meta name=\"robots\" content=\"index, follow, max-snippet:-1, max-image-preview:large, max-video-preview:-1\" \/>\n<link rel=\"canonical\" href=\"https:\/\/rozaria.pl\/blog\/kiedy-sadzic-roze\/\" \/>\n<meta property=\"og:locale\" content=\"pl_PL\" \/>\n<meta property=\"og:type\" content=\"article\" \/>\n<meta property=\"og:title\" content=\"Kiedy sadzi\u0107 r\u00f3\u017ce. Wiosn\u0105, jesieni\u0105 a mo\u017ce ca\u0142y rok? - blog Rozaria.pl\" \/>\n<meta property=\"og:description\" content=\"Kiedy najlepiej sadzi\u0107 r\u00f3\u017ce, aby cieszy\u0107 si\u0119 ich pi\u0119knem przez ca\u0142y sezon? Dowiedz si\u0119, kiedy jest najlepszy czas na sadzenie r\u00f3\u017c w ogrodach.\" \/>\n<meta property=\"og:url\" content=\"https:\/\/rozaria.pl\/blog\/kiedy-sadzic-roze\/\" \/>\n<meta property=\"og:site_name\" content=\"blog Rozaria.pl\" \/>\n<meta property=\"article:publisher\" content=\"https:\/\/www.facebook.com\/SzkolkaRozRozaria\/\" \/>\n<meta property=\"article:published_time\" content=\"2012-12-20T10:35:55+00:00\" \/>\n<meta property=\"article:modified_time\" content=\"2024-03-04T09:58:58+00:00\" \/>\n<meta property=\"og:image\" content=\"https:\/\/rozaria.pl\/blog\/wp-content\/uploads\/2012\/12\/sadzenie.jpg\" \/>\n\t<meta property=\"og:image:width\" content=\"640\" \/>\n\t<meta property=\"og:image:height\" content=\"480\" \/>\n\t<meta property=\"og:image:type\" content=\"image\/jpeg\" \/>\n<meta name=\"author\" content=\"Rozaria.pl\" \/>\n<meta name=\"twitter:card\" content=\"summary_large_image\" \/>\n<meta name=\"twitter:creator\" content=\"@SzkolkaRozaria\" \/>\n<meta name=\"twitter:site\" content=\"@SzkolkaRozaria\" \/>\n<meta name=\"twitter:label1\" content=\"Napisane przez\" \/>\n\t<meta name=\"twitter:data1\" content=\"Rozaria.pl\" \/>\n\t<meta name=\"twitter:label2\" content=\"Szacowany czas czytania\" \/>\n\t<meta name=\"twitter:data2\" content=\"6 minut\" \/>\n<script type=\"application\/ld+json\" class=\"yoast-schema-graph\">{\"@context\":\"https:\/\/schema.org\",\"@graph\":[{\"@type\":\"Article\",\"@id\":\"https:\/\/rozaria.pl\/blog\/kiedy-sadzic-roze\/#article\",\"isPartOf\":{\"@id\":\"https:\/\/rozaria.pl\/blog\/kiedy-sadzic-roze\/\"},\"author\":{\"name\":\"Rozaria.pl\",\"@id\":\"https:\/\/rozaria.pl\/blog\/#\/schema\/person\/31b3805d5058ea1cffed1d8efb6e2513\"},\"headline\":\"Kiedy sadzi\u0107 r\u00f3\u017ce. Wiosn\u0105, jesieni\u0105 a mo\u017ce ca\u0142y rok?\",\"datePublished\":\"2012-12-20T10:35:55+00:00\",\"dateModified\":\"2024-03-04T09:58:58+00:00\",\"mainEntityOfPage\":{\"@id\":\"https:\/\/rozaria.pl\/blog\/kiedy-sadzic-roze\/\"},\"wordCount\":988,\"commentCount\":0,\"publisher\":{\"@id\":\"https:\/\/rozaria.pl\/blog\/#organization\"},\"image\":{\"@id\":\"https:\/\/rozaria.pl\/blog\/kiedy-sadzic-roze\/#primaryimage\"},\"thumbnailUrl\":\"https:\/\/rozaria.pl\/blog\/wp-content\/uploads\/2012\/12\/sadzenie.jpg\",\"keywords\":[\"r\u00f3\u017ce piel\u0119gnacja\",\"r\u00f3\u017ce pienne\",\"r\u00f3\u017ce uprawa\"],\"articleSection\":[\"Uprawa\"],\"inLanguage\":\"pl-PL\",\"potentialAction\":[{\"@type\":\"CommentAction\",\"name\":\"Comment\",\"target\":[\"https:\/\/rozaria.pl\/blog\/kiedy-sadzic-roze\/#respond\"]}]},{\"@type\":\"WebPage\",\"@id\":\"https:\/\/rozaria.pl\/blog\/kiedy-sadzic-roze\/\",\"url\":\"https:\/\/rozaria.pl\/blog\/kiedy-sadzic-roze\/\",\"name\":\"Kiedy sadzi\u0107 r\u00f3\u017ce. Wiosn\u0105, jesieni\u0105 a mo\u017ce ca\u0142y rok? - blog Rozaria.pl\",\"isPartOf\":{\"@id\":\"https:\/\/rozaria.pl\/blog\/#website\"},\"primaryImageOfPage\":{\"@id\":\"https:\/\/rozaria.pl\/blog\/kiedy-sadzic-roze\/#primaryimage\"},\"image\":{\"@id\":\"https:\/\/rozaria.pl\/blog\/kiedy-sadzic-roze\/#primaryimage\"},\"thumbnailUrl\":\"https:\/\/rozaria.pl\/blog\/wp-content\/uploads\/2012\/12\/sadzenie.jpg\",\"datePublished\":\"2012-12-20T10:35:55+00:00\",\"dateModified\":\"2024-03-04T09:58:58+00:00\",\"description\":\"Kiedy najlepiej sadzi\u0107 r\u00f3\u017ce, aby cieszy\u0107 si\u0119 ich pi\u0119knem przez ca\u0142y sezon? Dowiedz si\u0119, kiedy jest najlepszy czas na sadzenie r\u00f3\u017c w ogrodach.\",\"breadcrumb\":{\"@id\":\"https:\/\/rozaria.pl\/blog\/kiedy-sadzic-roze\/#breadcrumb\"},\"inLanguage\":\"pl-PL\",\"potentialAction\":[{\"@type\":\"ReadAction\",\"target\":[\"https:\/\/rozaria.pl\/blog\/kiedy-sadzic-roze\/\"]}]},{\"@type\":\"ImageObject\",\"inLanguage\":\"pl-PL\",\"@id\":\"https:\/\/rozaria.pl\/blog\/kiedy-sadzic-roze\/#primaryimage\",\"url\":\"https:\/\/rozaria.pl\/blog\/wp-content\/uploads\/2012\/12\/sadzenie.jpg\",\"contentUrl\":\"https:\/\/rozaria.pl\/blog\/wp-content\/uploads\/2012\/12\/sadzenie.jpg\",\"width\":640,\"height\":480,\"caption\":\"sadzenie roz\"},{\"@type\":\"BreadcrumbList\",\"@id\":\"https:\/\/rozaria.pl\/blog\/kiedy-sadzic-roze\/#breadcrumb\",\"itemListElement\":[{\"@type\":\"ListItem\",\"position\":1,\"name\":\"Strona g\u0142\u00f3wna\",\"item\":\"https:\/\/rozaria.pl\/blog\/\"},{\"@type\":\"ListItem\",\"position\":2,\"name\":\"Kiedy sadzi\u0107 r\u00f3\u017ce. Wiosn\u0105, jesieni\u0105 a mo\u017ce ca\u0142y rok?\"}]},{\"@type\":\"WebSite\",\"@id\":\"https:\/\/rozaria.pl\/blog\/#website\",\"url\":\"https:\/\/rozaria.pl\/blog\/\",\"name\":\"blog Rozaria.pl\",\"description\":\"Porozmawiajmy o r\u00f3\u017cach, o wszystkich sprawach\",\"publisher\":{\"@id\":\"https:\/\/rozaria.pl\/blog\/#organization\"},\"potentialAction\":[{\"@type\":\"SearchAction\",\"target\":{\"@type\":\"EntryPoint\",\"urlTemplate\":\"https:\/\/rozaria.pl\/blog\/?s={search_term_string}\"},\"query-input\":{\"@type\":\"PropertyValueSpecification\",\"valueRequired\":true,\"valueName\":\"search_term_string\"}}],\"inLanguage\":\"pl-PL\"},{\"@type\":\"Organization\",\"@id\":\"https:\/\/rozaria.pl\/blog\/#organization\",\"name\":\"Szk\u00f3\u0142ka R\u00f3\u017c Rozaria\",\"url\":\"https:\/\/rozaria.pl\/blog\/\",\"logo\":{\"@type\":\"ImageObject\",\"inLanguage\":\"pl-PL\",\"@id\":\"https:\/\/rozaria.pl\/blog\/#\/schema\/logo\/image\/\",\"url\":\"https:\/\/rozaria.pl\/blog\/wp-content\/uploads\/2016\/12\/logo_dla-rozaria.png\",\"contentUrl\":\"https:\/\/rozaria.pl\/blog\/wp-content\/uploads\/2016\/12\/logo_dla-rozaria.png\",\"width\":400,\"height\":166,\"caption\":\"Szk\u00f3\u0142ka R\u00f3\u017c Rozaria\"},\"image\":{\"@id\":\"https:\/\/rozaria.pl\/blog\/#\/schema\/logo\/image\/\"},\"sameAs\":[\"https:\/\/www.facebook.com\/SzkolkaRozRozaria\/\",\"https:\/\/x.com\/SzkolkaRozaria\",\"https:\/\/www.youtube.com\/channel\/UCguKKBc7F06eYM1tzYx1Z5A\"]},{\"@type\":\"Person\",\"@id\":\"https:\/\/rozaria.pl\/blog\/#\/schema\/person\/31b3805d5058ea1cffed1d8efb6e2513\",\"name\":\"Rozaria.pl\",\"image\":{\"@type\":\"ImageObject\",\"inLanguage\":\"pl-PL\",\"@id\":\"https:\/\/rozaria.pl\/blog\/#\/schema\/person\/image\/\",\"url\":\"https:\/\/secure.gravatar.com\/avatar\/36c7e4b15b333b9fb573f9e54e7fcf52?s=96&d=mm&r=g\",\"contentUrl\":\"https:\/\/secure.gravatar.com\/avatar\/36c7e4b15b333b9fb573f9e54e7fcf52?s=96&d=mm&r=g\",\"caption\":\"Rozaria.pl\"},\"sameAs\":[\"https:\/\/www.rozaria.pl\",\"https:\/\/www.youtube.com\/channel\/UCguKKBc7F06eYM1tzYx1Z5A\"],\"url\":\"https:\/\/rozaria.pl\/blog\/author\/1rozanka\/\"}]}<\/script>\n<!-- \/ Yoast SEO plugin. -->","yoast_head_json":{"title":"Kiedy sadzi\u0107 r\u00f3\u017ce. Wiosn\u0105, jesieni\u0105 a mo\u017ce ca\u0142y rok? - blog Rozaria.pl","description":"Kiedy najlepiej sadzi\u0107 r\u00f3\u017ce, aby cieszy\u0107 si\u0119 ich pi\u0119knem przez ca\u0142y sezon? Dowiedz si\u0119, kiedy jest najlepszy czas na sadzenie r\u00f3\u017c w ogrodach.","robots":{"index":"index","follow":"follow","max-snippet":"max-snippet:-1","max-image-preview":"max-image-preview:large","max-video-preview":"max-video-preview:-1"},"canonical":"https:\/\/rozaria.pl\/blog\/kiedy-sadzic-roze\/","og_locale":"pl_PL","og_type":"article","og_title":"Kiedy sadzi\u0107 r\u00f3\u017ce. Wiosn\u0105, jesieni\u0105 a mo\u017ce ca\u0142y rok? - blog Rozaria.pl","og_description":"Kiedy najlepiej sadzi\u0107 r\u00f3\u017ce, aby cieszy\u0107 si\u0119 ich pi\u0119knem przez ca\u0142y sezon? Dowiedz si\u0119, kiedy jest najlepszy czas na sadzenie r\u00f3\u017c w ogrodach.","og_url":"https:\/\/rozaria.pl\/blog\/kiedy-sadzic-roze\/","og_site_name":"blog Rozaria.pl","article_publisher":"https:\/\/www.facebook.com\/SzkolkaRozRozaria\/","article_published_time":"2012-12-20T10:35:55+00:00","article_modified_time":"2024-03-04T09:58:58+00:00","og_image":[{"width":640,"height":480,"url":"https:\/\/rozaria.pl\/blog\/wp-content\/uploads\/2012\/12\/sadzenie.jpg","type":"image\/jpeg"}],"author":"Rozaria.pl","twitter_card":"summary_large_image","twitter_creator":"@SzkolkaRozaria","twitter_site":"@SzkolkaRozaria","twitter_misc":{"Napisane przez":"Rozaria.pl","Szacowany czas czytania":"6 minut"},"schema":{"@context":"https:\/\/schema.org","@graph":[{"@type":"Article","@id":"https:\/\/rozaria.pl\/blog\/kiedy-sadzic-roze\/#article","isPartOf":{"@id":"https:\/\/rozaria.pl\/blog\/kiedy-sadzic-roze\/"},"author":{"name":"Rozaria.pl","@id":"https:\/\/rozaria.pl\/blog\/#\/schema\/person\/31b3805d5058ea1cffed1d8efb6e2513"},"headline":"Kiedy sadzi\u0107 r\u00f3\u017ce. Wiosn\u0105, jesieni\u0105 a mo\u017ce ca\u0142y rok?","datePublished":"2012-12-20T10:35:55+00:00","dateModified":"2024-03-04T09:58:58+00:00","mainEntityOfPage":{"@id":"https:\/\/rozaria.pl\/blog\/kiedy-sadzic-roze\/"},"wordCount":988,"commentCount":0,"publisher":{"@id":"https:\/\/rozaria.pl\/blog\/#organization"},"image":{"@id":"https:\/\/rozaria.pl\/blog\/kiedy-sadzic-roze\/#primaryimage"},"thumbnailUrl":"https:\/\/rozaria.pl\/blog\/wp-content\/uploads\/2012\/12\/sadzenie.jpg","keywords":["r\u00f3\u017ce piel\u0119gnacja","r\u00f3\u017ce pienne","r\u00f3\u017ce uprawa"],"articleSection":["Uprawa"],"inLanguage":"pl-PL","potentialAction":[{"@type":"CommentAction","name":"Comment","target":["https:\/\/rozaria.pl\/blog\/kiedy-sadzic-roze\/#respond"]}]},{"@type":"WebPage","@id":"https:\/\/rozaria.pl\/blog\/kiedy-sadzic-roze\/","url":"https:\/\/rozaria.pl\/blog\/kiedy-sadzic-roze\/","name":"Kiedy sadzi\u0107 r\u00f3\u017ce. Wiosn\u0105, jesieni\u0105 a mo\u017ce ca\u0142y rok? - blog Rozaria.pl","isPartOf":{"@id":"https:\/\/rozaria.pl\/blog\/#website"},"primaryImageOfPage":{"@id":"https:\/\/rozaria.pl\/blog\/kiedy-sadzic-roze\/#primaryimage"},"image":{"@id":"https:\/\/rozaria.pl\/blog\/kiedy-sadzic-roze\/#primaryimage"},"thumbnailUrl":"https:\/\/rozaria.pl\/blog\/wp-content\/uploads\/2012\/12\/sadzenie.jpg","datePublished":"2012-12-20T10:35:55+00:00","dateModified":"2024-03-04T09:58:58+00:00","description":"Kiedy najlepiej sadzi\u0107 r\u00f3\u017ce, aby cieszy\u0107 si\u0119 ich pi\u0119knem przez ca\u0142y sezon? Dowiedz si\u0119, kiedy jest najlepszy czas na sadzenie r\u00f3\u017c w ogrodach.","breadcrumb":{"@id":"https:\/\/rozaria.pl\/blog\/kiedy-sadzic-roze\/#breadcrumb"},"inLanguage":"pl-PL","potentialAction":[{"@type":"ReadAction","target":["https:\/\/rozaria.pl\/blog\/kiedy-sadzic-roze\/"]}]},{"@type":"ImageObject","inLanguage":"pl-PL","@id":"https:\/\/rozaria.pl\/blog\/kiedy-sadzic-roze\/#primaryimage","url":"https:\/\/rozaria.pl\/blog\/wp-content\/uploads\/2012\/12\/sadzenie.jpg","contentUrl":"https:\/\/rozaria.pl\/blog\/wp-content\/uploads\/2012\/12\/sadzenie.jpg","width":640,"height":480,"caption":"sadzenie roz"},{"@type":"BreadcrumbList","@id":"https:\/\/rozaria.pl\/blog\/kiedy-sadzic-roze\/#breadcrumb","itemListElement":[{"@type":"ListItem","position":1,"name":"Strona g\u0142\u00f3wna","item":"https:\/\/rozaria.pl\/blog\/"},{"@type":"ListItem","position":2,"name":"Kiedy sadzi\u0107 r\u00f3\u017ce. Wiosn\u0105, jesieni\u0105 a mo\u017ce ca\u0142y rok?"}]},{"@type":"WebSite","@id":"https:\/\/rozaria.pl\/blog\/#website","url":"https:\/\/rozaria.pl\/blog\/","name":"blog Rozaria.pl","description":"Porozmawiajmy o r\u00f3\u017cach, o wszystkich sprawach","publisher":{"@id":"https:\/\/rozaria.pl\/blog\/#organization"},"potentialAction":[{"@type":"SearchAction","target":{"@type":"EntryPoint","urlTemplate":"https:\/\/rozaria.pl\/blog\/?s={search_term_string}"},"query-input":{"@type":"PropertyValueSpecification","valueRequired":true,"valueName":"search_term_string"}}],"inLanguage":"pl-PL"},{"@type":"Organization","@id":"https:\/\/rozaria.pl\/blog\/#organization","name":"Szk\u00f3\u0142ka R\u00f3\u017c Rozaria","url":"https:\/\/rozaria.pl\/blog\/","logo":{"@type":"ImageObject","inLanguage":"pl-PL","@id":"https:\/\/rozaria.pl\/blog\/#\/schema\/logo\/image\/","url":"https:\/\/rozaria.pl\/blog\/wp-content\/uploads\/2016\/12\/logo_dla-rozaria.png","contentUrl":"https:\/\/rozaria.pl\/blog\/wp-content\/uploads\/2016\/12\/logo_dla-rozaria.png","width":400,"height":166,"caption":"Szk\u00f3\u0142ka R\u00f3\u017c Rozaria"},"image":{"@id":"https:\/\/rozaria.pl\/blog\/#\/schema\/logo\/image\/"},"sameAs":["https:\/\/www.facebook.com\/SzkolkaRozRozaria\/","https:\/\/x.com\/SzkolkaRozaria","https:\/\/www.youtube.com\/channel\/UCguKKBc7F06eYM1tzYx1Z5A"]},{"@type":"Person","@id":"https:\/\/rozaria.pl\/blog\/#\/schema\/person\/31b3805d5058ea1cffed1d8efb6e2513","name":"Rozaria.pl","image":{"@type":"ImageObject","inLanguage":"pl-PL","@id":"https:\/\/rozaria.pl\/blog\/#\/schema\/person\/image\/","url":"https:\/\/secure.gravatar.com\/avatar\/36c7e4b15b333b9fb573f9e54e7fcf52?s=96&d=mm&r=g","contentUrl":"https:\/\/secure.gravatar.com\/avatar\/36c7e4b15b333b9fb573f9e54e7fcf52?s=96&d=mm&r=g","caption":"Rozaria.pl"},"sameAs":["https:\/\/www.rozaria.pl","https:\/\/www.youtube.com\/channel\/UCguKKBc7F06eYM1tzYx1Z5A"],"url":"https:\/\/rozaria.pl\/blog\/author\/1rozanka\/"}]}},"_links":{"self":[{"href":"https:\/\/rozaria.pl\/blog\/wp-json\/wp\/v2\/posts\/13"}],"collection":[{"href":"https:\/\/rozaria.pl\/blog\/wp-json\/wp\/v2\/posts"}],"about":[{"href":"https:\/\/rozaria.pl\/blog\/wp-json\/wp\/v2\/types\/post"}],"author":[{"embeddable":true,"href":"https:\/\/rozaria.pl\/blog\/wp-json\/wp\/v2\/users\/1"}],"replies":[{"embeddable":true,"href":"https:\/\/rozaria.pl\/blog\/wp-json\/wp\/v2\/comments?post=13"}],"version-history":[{"count":14,"href":"https:\/\/rozaria.pl\/blog\/wp-json\/wp\/v2\/posts\/13\/revisions"}],"predecessor-version":[{"id":5501,"href":"https:\/\/rozaria.pl\/blog\/wp-json\/wp\/v2\/posts\/13\/revisions\/5501"}],"wp:featuredmedia":[{"embeddable":true,"href":"https:\/\/rozaria.pl\/blog\/wp-json\/wp\/v2\/media\/154"}],"wp:attachment":[{"href":"https:\/\/rozaria.pl\/blog\/wp-json\/wp\/v2\/media?parent=13"}],"wp:term":[{"taxonomy":"category","embeddable":true,"href":"https:\/\/rozaria.pl\/blog\/wp-json\/wp\/v2\/categories?post=13"},{"taxonomy":"post_tag","embeddable":true,"href":"https:\/\/rozaria.pl\/blog\/wp-json\/wp\/v2\/tags?post=13"}],"curies":[{"name":"wp","href":"https:\/\/api.w.org\/{rel}","templated":true}]}}