{"id":1249,"date":"2016-04-12T17:43:52","date_gmt":"2016-04-12T15:43:52","guid":{"rendered":"http:\/\/rozaria.pl\/blog\/?p=1249"},"modified":"2017-11-05T21:44:39","modified_gmt":"2017-11-05T20:44:39","slug":"wiosenne-porzadki-wsrod-roz","status":"publish","type":"post","link":"https:\/\/rozaria.pl\/blog\/wiosenne-porzadki-wsrod-roz\/","title":{"rendered":"Wiosenne porz\u0105dki w\u015br\u00f3d r\u00f3\u017c"},"content":{"rendered":"<h1 style=\"text-align: justify;\"><span style=\"font-size: 14pt; font-family: arial, helvetica, sans-serif;\">Wiosenne porz\u0105dki w\u015br\u00f3d r\u00f3\u017c<\/span><\/h1>\n<p style=\"text-align: justify;\"><span style=\"font-family: arial, helvetica, sans-serif;\"> No i przysz\u0142a. Tak d\u0142ugo wyczekiwana, upragniona, wyt\u0119skniona wiosna. A wraz z ni\u0105, co? Oczywi\u015bcie <em>wiosenne porz\u0105dki<\/em>. Nie tylko w domu, nie tylko w szafach. <a href=\"http:\/\/rozaria.pl\/blog\/wp-content\/uploads\/2016\/04\/giardino-in-primavera.jpg\" rel=\"attachment wp-att-1256\"><img loading=\"lazy\" decoding=\"async\" class=\"alignright size-medium wp-image-1256\" src=\"http:\/\/rozaria.pl\/blog\/wp-content\/uploads\/2016\/04\/giardino-in-primavera-300x200.jpg\" alt=\"wiosenne porz\u0105dki w\u015br\u00f3d r\u00f3\u017c\" width=\"300\" height=\"200\" srcset=\"https:\/\/rozaria.pl\/blog\/wp-content\/uploads\/2016\/04\/giardino-in-primavera-150x100.jpg 150w, https:\/\/rozaria.pl\/blog\/wp-content\/uploads\/2016\/04\/giardino-in-primavera-300x200.jpg 300w, https:\/\/rozaria.pl\/blog\/wp-content\/uploads\/2016\/04\/giardino-in-primavera.jpg 645w\" sizes=\"(max-width: 300px) 100vw, 300px\" \/><\/a>Pora wyj\u015b\u0107 z czterech \u015bcian, wydosta\u0107 si\u0119 z zimowego letargu i zerkn\u0105\u0107, co tam s\u0142ycha\u0107 i wida\u0107 ciekawego w naszych ogr\u00f3dkach. Z pewno\u015bci\u0105 b\u0119dziemy musieli zaj\u0105\u0107 si\u0119 naszymi krzewami r\u00f3\u017canymi. To w\u0142a\u015bnie one wiosn\u0105 b\u0119d\u0105 potrzebowa\u0142y naszej pomocy, \u017ceby p\u00f3\u017aniej wczesnym latem i a\u017c do p\u00f3\u017anej jesieni mog\u0142y cieszy\u0107 nasze oczy.<\/span><\/p>\n<h2 style=\"text-align: justify;\"><span style=\"font-family: arial, helvetica, sans-serif;\"> Jak piel\u0119gnowa\u0107 r\u00f3\u017ce na wiosn\u0119?<\/span><\/h2>\n<p style=\"text-align: justify;\"><span style=\"font-family: arial, helvetica, sans-serif;\"><a href=\"http:\/\/rozaria.pl\/blog\/wp-content\/uploads\/2016\/04\/sekator.jpg\" rel=\"attachment wp-att-1259\"><img loading=\"lazy\" decoding=\"async\" class=\"alignleft wp-image-1259 size-medium\" src=\"http:\/\/rozaria.pl\/blog\/wp-content\/uploads\/2016\/04\/sekator-300x200.jpg\" alt=\"wiosenne porz\u0105dki w\u015br\u00f3d r\u00f3\u017c\" width=\"300\" height=\"200\" srcset=\"https:\/\/rozaria.pl\/blog\/wp-content\/uploads\/2016\/04\/sekator-150x100.jpg 150w, https:\/\/rozaria.pl\/blog\/wp-content\/uploads\/2016\/04\/sekator-300x200.jpg 300w, https:\/\/rozaria.pl\/blog\/wp-content\/uploads\/2016\/04\/sekator-768x512.jpg 768w, https:\/\/rozaria.pl\/blog\/wp-content\/uploads\/2016\/04\/sekator.jpg 1024w\" sizes=\"(max-width: 300px) 100vw, 300px\" \/><\/a>Przede wszystkim, najistotniejszym zabiegiem podczas <strong>wiosennych porz\u0105dk\u00f3w w\u015br\u00f3d r\u00f3\u017c<\/strong> b\u0119dzie z pewno\u015bci\u0105 ich ci\u0119cie, kt\u00f3rego dokonuje si\u0119 w\u0142a\u015bnie wiosn\u0105. Jesieni\u0105 przycinamy jedynie zwi\u0119dni\u0119te kwiaty i uschni\u0119te ga\u0142\u0119zie. No to do roboty! Ro\u015bliny zabezpieczone przed zim\u0105 zaczynamy ods\u0142ania\u0107, zdejmujemy okryw\u0119, lub rozkopujemy usypane kopczyki. Zanim to zrobimy, mo\u017cemy je nieco podkarmi\u0107 nawozem, tak, \u017ceby od samego pocz\u0105tku wegetacji mia\u0142y dodatkowe sk\u0142adniki pokarmowe. <a href=\"http:\/\/rozaria.pl\/blog\/wp-content\/uploads\/2016\/04\/concimazione220x580.jpg\" rel=\"attachment wp-att-1260\"><img loading=\"lazy\" decoding=\"async\" class=\"alignright wp-image-1260 size-medium\" src=\"http:\/\/rozaria.pl\/blog\/wp-content\/uploads\/2016\/04\/concimazione220x580-300x114.jpg\" alt=\"wiosenne porz\u0105dki w\u015br\u00f3d r\u00f3\u017c\" width=\"300\" height=\"114\" srcset=\"https:\/\/rozaria.pl\/blog\/wp-content\/uploads\/2016\/04\/concimazione220x580-150x57.jpg 150w, https:\/\/rozaria.pl\/blog\/wp-content\/uploads\/2016\/04\/concimazione220x580-300x114.jpg 300w, https:\/\/rozaria.pl\/blog\/wp-content\/uploads\/2016\/04\/concimazione220x580.jpg 580w\" sizes=\"(max-width: 300px) 100vw, 300px\" \/><\/a>Najlepiej zaczyna\u0107 ju\u017c pod koniec marca, gdy ju\u017c mamy pewno\u015b\u0107, \u017ce najwi\u0119ksze przymrozki mamy za sob\u0105, mniej odwa\u017cni mog\u0105 zaczeka\u0107 do po\u0142owy kwietnia, jednak jeszcze przed wytworzeniem nowych p\u0119d\u00f3w. Trzeba przyzna\u0107, \u017ce czas nadej\u015bcia wiosny w ostatnim czasie nieco uleg\u0142 rozregulowaniu. Raz nadchodzi wcze\u015bnie, zaraz w okolicach pocz\u0105tku marca, innym razem dopiero w maju, wi\u0119c trzeba si\u0119 raczej zda\u0107 na m\u0105dro\u015b\u0107 ro\u015blin, obserwowa\u0107 je i zaj\u0105\u0107 si\u0119 ich przycinaniem tu\u017c przed rozpocz\u0119ciem wegetacji.<\/span><\/p>\n<h3 style=\"text-align: justify;\"><span style=\"font-size: 14pt;\">Wiosenne porz\u0105dki czas zacz\u0105\u0107 od ci\u0119cia r\u00f3\u017c<\/span><\/h3>\n<p style=\"text-align: justify;\"><span style=\"font-family: arial, helvetica, sans-serif;\"><a href=\"http:\/\/rozaria.pl\/blog\/wp-content\/uploads\/2016\/04\/sekator1.jpg\" rel=\"attachment wp-att-1253\"><img loading=\"lazy\" decoding=\"async\" class=\"alignleft wp-image-1253 size-thumbnail\" src=\"http:\/\/rozaria.pl\/blog\/wp-content\/uploads\/2016\/04\/sekator1-150x105.jpg\" alt=\"wiosenne porz\u0105dki w\u015br\u00f3d r\u00f3\u017c - ci\u0119cie\" width=\"150\" height=\"105\" srcset=\"https:\/\/rozaria.pl\/blog\/wp-content\/uploads\/2016\/04\/sekator1-120x85.jpg 120w, https:\/\/rozaria.pl\/blog\/wp-content\/uploads\/2016\/04\/sekator1-150x105.jpg 150w, https:\/\/rozaria.pl\/blog\/wp-content\/uploads\/2016\/04\/sekator1-300x210.jpg 300w, https:\/\/rozaria.pl\/blog\/wp-content\/uploads\/2016\/04\/sekator1-768x538.jpg 768w, https:\/\/rozaria.pl\/blog\/wp-content\/uploads\/2016\/04\/sekator1-1024x717.jpg 1024w, https:\/\/rozaria.pl\/blog\/wp-content\/uploads\/2016\/04\/sekator1.jpg 1200w\" sizes=\"(max-width: 150px) 100vw, 150px\" \/><\/a>Podobno dobrym sposobem na okre\u015blenie idealnej pory na przycinanie r\u00f3\u017c jest okres, w kt\u00f3rym kwitnie forsycja. Gdy ju\u017c zdecydujemy, \u017ce nadszed\u0142 w\u0142a\u015bciwy czas, wybierzmy na ci\u0119cie suchy i s\u0142oneczny dzie\u0144, a to, dlatego, \u017ce wtedy ro\u015blina jest mniej nara\u017cona na pora\u017cenie miejsc ci\u0119cia przer\u00f3\u017cnymi chorobami.<a href=\"http:\/\/rozaria.pl\/blog\/wp-content\/uploads\/2016\/04\/taglio-della-pianta-della-rosa-4935105.jpg\" rel=\"attachment wp-att-1264\"><img loading=\"lazy\" decoding=\"async\" class=\"alignright size-full wp-image-1264\" src=\"http:\/\/rozaria.pl\/blog\/wp-content\/uploads\/2016\/04\/taglio-della-pianta-della-rosa-4935105.jpg\" alt=\"wiosenne porz\u0105dki w\u015br\u00f3d r\u00f3\u017c\" width=\"300\" height=\"450\" srcset=\"https:\/\/rozaria.pl\/blog\/wp-content\/uploads\/2016\/04\/taglio-della-pianta-della-rosa-4935105-100x150.jpg 100w, https:\/\/rozaria.pl\/blog\/wp-content\/uploads\/2016\/04\/taglio-della-pianta-della-rosa-4935105-200x300.jpg 200w, https:\/\/rozaria.pl\/blog\/wp-content\/uploads\/2016\/04\/taglio-della-pianta-della-rosa-4935105.jpg 300w\" sizes=\"(max-width: 300px) 100vw, 300px\" \/><\/a>\u00a0A korzystaj\u0105c z okazji, \u017ce w ich otoczeniu jest mniej kolc\u00f3w, mo\u017cemy dok\u0142adnie posprz\u0105ta\u0107 ich pod\u0142o\u017ce. Mo\u017cemy usun\u0105\u0107 martwe, opadni\u0119te li\u015bcie, dok\u0142adniej wyci\u0105\u0107 p\u0119dy korzeniowe, oczy\u015bci\u0107 pod\u0142o\u017ce z chwast\u00f3w a na koniec spulchni\u0107 gleb\u0119 wok\u00f3\u0142 ro\u015bliny \u2013 r\u00f3\u017ce bardzo to lubi\u0105. Wszystkie te czynno\u015bci b\u0119d\u0105 znacznie utrudnione, a czasami nawet niemo\u017cliwe do wykonania, gdy krzew ju\u017c zacznie wegetowa\u0107, uzbroi si\u0119 w nowe kolce na nowych p\u0119dach, zag\u0119\u015bci si\u0119 i wyposa\u017cy w li\u015bcie. Wykorzystuj\u0105c \u0142atwo\u015b\u0107 dost\u0119pu, mo\u017cemy te\u017c nieco wzbogaci\u0107 pod\u0142o\u017ce w warto\u015bci od\u017cywcze przeznaczone specjalnie dla r\u00f3\u017c.<a href=\"http:\/\/rozaria.pl\/blog\/wp-content\/uploads\/2016\/04\/manoconcime.bmp\" rel=\"attachment wp-att-1261\"><img loading=\"lazy\" decoding=\"async\" class=\"alignleft size-full wp-image-1261\" src=\"http:\/\/rozaria.pl\/blog\/wp-content\/uploads\/2016\/04\/manoconcime.bmp\" alt=\"wiosenne porz\u0105dki w\u015br\u00f3d r\u00f3\u017c\" width=\"150\" height=\"225\" srcset=\"https:\/\/rozaria.pl\/blog\/wp-content\/uploads\/2016\/04\/manoconcime-100x150.bmp 100w, https:\/\/rozaria.pl\/blog\/wp-content\/uploads\/2016\/04\/manoconcime.bmp 150w\" sizes=\"(max-width: 150px) 100vw, 150px\" \/><\/a><\/span><br \/>\n<span style=\"font-family: arial, helvetica, sans-serif;\"> Jak w\u0142a\u015bciwie przycina\u0107 r\u00f3\u017ce, \u017ceby im nie zaszkodzi\u0107?<\/span><br \/>\n<span style=\"font-family: arial, helvetica, sans-serif;\"> No, niestety &#8211; musimy zaczerpn\u0105\u0107 fachowego j\u0119zyka, aby nie zrobi\u0107 krzywdy naszej kr\u00f3lowej ogrodu. Problem polega na tym, \u017ce inaczej przycinamy r\u00f3\u017c\u0119 pienn\u0105, pn\u0105c\u0105 czy rabatow\u0105. S\u0105 te\u017c takie, kt\u00f3re tniemy ka\u017cdego roku (jak wielko- i wielokwiatowe, czy na d\u0142ugiej podk\u0142adce) i takie, kt\u00f3re tego nie potrzebuj\u0105. Ci\u0119cie zale\u017cy te\u017c od wieku ro\u015bliny, nieraz musimy si\u0119 do tego bardziej przy\u0142o\u017cy\u0107 i usun\u0105\u0107 kilka najstarszych zdrewnia\u0142ych p\u0119d\u00f3w w celu odm\u0142odzenia ro\u015bliny.<\/span><\/p>\n<h4 style=\"text-align: justify;\"><span style=\"font-size: 14pt; font-family: arial, helvetica, sans-serif;\">Praktyczne rady w pigu\u0142ce<\/span><\/h4>\n<p style=\"text-align: justify;\"><span style=\"font-family: arial, helvetica, sans-serif;\">Tak, wi\u0119c <span style=\"text-decoration: underline;\"><em>wiosenne porz\u0105dki w\u015br\u00f3d r\u00f3\u017c<\/em><\/span> to najlepszy czas na takie zabiegi. R\u00f3\u017ce nale\u017cy ci\u0105\u0107 dobrze naostrzonym sekatorem, tak, aby powierzchnia ci\u0119cia by\u0142a g\u0142adka i niepostrz\u0119piona, aby miejsce ci\u0119cia by\u0142o uko\u015bne i skierowane na zewn\u0105trz korony krzewu. Dodatkowo powierzchni\u0119 t\u0105 mo\u017cemy zabezpieczy\u0107 ma\u015bci\u0105 ogrodnicz\u0105 lub emulsj\u0105 wymieszan\u0105 z preparatem grzybob\u00f3jczym. <a href=\"http:\/\/rozaria.pl\/blog\/wp-content\/uploads\/2016\/04\/taglio-della-pianta-della-rosa-zbli\u017cenie.jpg\" rel=\"attachment wp-att-1265\"><img loading=\"lazy\" decoding=\"async\" class=\"alignright size-full wp-image-1265\" src=\"http:\/\/rozaria.pl\/blog\/wp-content\/uploads\/2016\/04\/taglio-della-pianta-della-rosa-zbli\u017cenie.jpg\" alt=\"wiosenne porz\u0105dki w\u015br\u00f3d r\u00f3\u017c - ci\u0119cie\" width=\"297\" height=\"380\" srcset=\"https:\/\/rozaria.pl\/blog\/wp-content\/uploads\/2016\/04\/taglio-della-pianta-della-rosa-zbli\u017cenie-117x150.jpg 117w, https:\/\/rozaria.pl\/blog\/wp-content\/uploads\/2016\/04\/taglio-della-pianta-della-rosa-zbli\u017cenie-234x300.jpg 234w, https:\/\/rozaria.pl\/blog\/wp-content\/uploads\/2016\/04\/taglio-della-pianta-della-rosa-zbli\u017cenie.jpg 297w\" sizes=\"(max-width: 297px) 100vw, 297px\" \/><\/a>Redukcji p\u0119du dokonujemy oko\u0142o 1 cm nad oczkiem. P\u0119dy chore, przemarzni\u0119te,s\u0142abe czy uschni\u0119te wycinamy w ca\u0142o\u015bci. Ro\u015bliny, kt\u00f3re pi\u0119knie rosn\u0105 i obficie kwitn\u0105 przycinamy mniej, natomiast te s\u0142absze i kwitn\u0105ce s\u0142abo mo\u017cemy przycina\u0107 znacznie mocniej. R\u00f3\u017ce wielokwiatowe i rabatowe najobficiej kwitn\u0105 na p\u0119dach zesz\u0142orocznych, tak\u017ce w tych odmianach ci\u0119cia dokonujemy na starszych ni\u017c zesz\u0142oroczne \u0142odygi. <a href=\"http:\/\/rozaria.pl\/blog\/wp-content\/uploads\/2016\/04\/sekatorzbli\u017cenie-2.jpg\" rel=\"attachment wp-att-1267\"><img loading=\"lazy\" decoding=\"async\" class=\"alignleft size-thumbnail wp-image-1267\" src=\"http:\/\/rozaria.pl\/blog\/wp-content\/uploads\/2016\/04\/sekatorzbli\u017cenie-2-150x100.jpg\" alt=\"wiosenne porz\u0105dki w\u015br\u00f3d r\u00f3\u017c\" width=\"150\" height=\"100\" srcset=\"https:\/\/rozaria.pl\/blog\/wp-content\/uploads\/2016\/04\/sekatorzbli\u017cenie-2-150x100.jpg 150w, https:\/\/rozaria.pl\/blog\/wp-content\/uploads\/2016\/04\/sekatorzbli\u017cenie-2-300x201.jpg 300w, https:\/\/rozaria.pl\/blog\/wp-content\/uploads\/2016\/04\/sekatorzbli\u017cenie-2.jpg 745w\" sizes=\"(max-width: 150px) 100vw, 150px\" \/><\/a>Natomiast r\u00f3\u017ce miniaturowe przycinamy minimalnie, a w pn\u0105cych usuwamy tylko przemarzni\u0119te cz\u0119\u015bci p\u0119d\u00f3w. W ci\u0105gu trwania ca\u0142ego sezonu na bie\u017c\u0105co usuwamy przekwitni\u0119te kwiatostany jak i odrosty korzeniowe, kt\u00f3re to zabieraj\u0105 du\u017co energii naszej ro\u015blinie.<\/span><br \/>\n<span style=\"font-family: arial, helvetica, sans-serif;\"><span style=\"text-decoration: underline;\"> Wiosenne porz\u0105dki w\u015br\u00f3d r\u00f3\u017c<\/span> zako\u0144czymy podlewaniem. Nowe ro\u015bliny, kt\u00f3re posadzili\u015bmy w tym sezonie powinni\u015bmy podlewa\u0107 do\u015b\u0107 cz\u0119sto, natomiast starsze egzemplarze podlewamy tylko podczas suchych i upalnych dni. Oczywi\u015bcie robimy to albo wczesnym rankiem, albo wieczorem. Nie moczymy ani kwiat\u00f3w, ani li\u015bci \u2013 r\u00f3\u017ce bardzo tego nie lubi\u0105. Moczenie li\u015bci sprzyja rozwojowi chor\u00f3b grzybiczych.<\/span><br \/>\n<span style=\"font-family: arial, helvetica, sans-serif;\"> <a href=\"http:\/\/rozaria.pl\/blog\/wp-content\/uploads\/2016\/04\/konewka-w\u015br\u00f3d-r\u00f3\u017c.jpg\" rel=\"attachment wp-att-1266\"><img loading=\"lazy\" decoding=\"async\" class=\"alignleft size-thumbnail wp-image-1266\" src=\"http:\/\/rozaria.pl\/blog\/wp-content\/uploads\/2016\/04\/konewka-w\u015br\u00f3d-r\u00f3\u017c-150x150.jpg\" alt=\"wiosenne porz\u0105dki w\u015br\u00f3d r\u00f3\u017c\" width=\"150\" height=\"150\" srcset=\"https:\/\/rozaria.pl\/blog\/wp-content\/uploads\/2016\/04\/konewka-w\u015br\u00f3d-r\u00f3\u017c-150x150.jpg 150w, https:\/\/rozaria.pl\/blog\/wp-content\/uploads\/2016\/04\/konewka-w\u015br\u00f3d-r\u00f3\u017c-300x300.jpg 300w, https:\/\/rozaria.pl\/blog\/wp-content\/uploads\/2016\/04\/konewka-w\u015br\u00f3d-r\u00f3\u017c.jpg 460w\" sizes=\"(max-width: 150px) 100vw, 150px\" \/><\/a>W maju rozpoczn\u0105 si\u0119 ataki mszyc. Na pocz\u0105tku mo\u017cemy spr\u00f3bowa\u0107 si\u0119 ich pozby\u0107, usuwaj\u0105c je r\u0119cznie, lub silnym strumieniem wody, ewentualnie opryskiem przygotowanym z wody z domieszk\u0105 octu. Gdy jednak w ten spos\u00f3b ju\u017c sobie nie poradzimy, musimy zastosowa\u0107 opryski chemiczne.<\/span><br \/>\n<span style=\"font-family: arial, helvetica, sans-serif;\"><strong> Wiosenne porz\u0105dki w\u015br\u00f3d r\u00f3\u017c<\/strong> s\u0105 tak niezb\u0119dne jak te w szafie\uf04a. Po\u015bwi\u0119cimy na to kilka chwil a efektem b\u0119dziemy si\u0119 cieszy\u0107 przez ca\u0142e lato.<\/span><\/p>\n","protected":false},"excerpt":{"rendered":"<p>Wiosenne porz\u0105dki w\u015br\u00f3d r\u00f3\u017c No i przysz\u0142a. Tak d\u0142ugo wyczekiwana, upragniona, wyt\u0119skniona wiosna. A wraz z ni\u0105, co? Oczywi\u015bcie wiosenne porz\u0105dki. Nie tylko w domu, nie tylko w szafach. Pora wyj\u015b\u0107 z czterech \u015bcian, wydosta\u0107 si\u0119 z zimowego letargu i [&hellip;]<\/p>\n","protected":false},"author":1,"featured_media":1265,"comment_status":"open","ping_status":"open","sticky":false,"template":"","format":"standard","meta":{"_mi_skip_tracking":false,"_monsterinsights_sitenote_active":false,"_monsterinsights_sitenote_note":"","_monsterinsights_sitenote_category":0,"footnotes":""},"categories":[7],"tags":[26,57,17,2,25],"yoast_head":"<!-- This site is optimized with the Yoast SEO plugin v23.5 - https:\/\/yoast.com\/wordpress\/plugins\/seo\/ -->\n<title>Wiosenne porz\u0105dki w\u015br\u00f3d r\u00f3\u017c - blog Rozaria.pl<\/title>\n<meta name=\"robots\" content=\"index, follow, max-snippet:-1, max-image-preview:large, max-video-preview:-1\" \/>\n<link rel=\"canonical\" href=\"https:\/\/rozaria.pl\/blog\/wiosenne-porzadki-wsrod-roz\/\" \/>\n<meta property=\"og:locale\" content=\"pl_PL\" \/>\n<meta property=\"og:type\" content=\"article\" \/>\n<meta property=\"og:title\" content=\"Wiosenne porz\u0105dki w\u015br\u00f3d r\u00f3\u017c - blog Rozaria.pl\" \/>\n<meta property=\"og:description\" content=\"Wiosenne porz\u0105dki w\u015br\u00f3d r\u00f3\u017c No i przysz\u0142a. Tak d\u0142ugo wyczekiwana, upragniona, wyt\u0119skniona wiosna. A wraz z ni\u0105, co? Oczywi\u015bcie wiosenne porz\u0105dki. Nie tylko w domu, nie tylko w szafach. Pora wyj\u015b\u0107 z czterech \u015bcian, wydosta\u0107 si\u0119 z zimowego letargu i [&hellip;]\" \/>\n<meta property=\"og:url\" content=\"https:\/\/rozaria.pl\/blog\/wiosenne-porzadki-wsrod-roz\/\" \/>\n<meta property=\"og:site_name\" content=\"blog Rozaria.pl\" \/>\n<meta property=\"article:publisher\" content=\"https:\/\/www.facebook.com\/SzkolkaRozRozaria\/\" \/>\n<meta property=\"article:published_time\" content=\"2016-04-12T15:43:52+00:00\" \/>\n<meta property=\"article:modified_time\" content=\"2017-11-05T20:44:39+00:00\" \/>\n<meta property=\"og:image\" content=\"https:\/\/rozaria.pl\/blog\/wp-content\/uploads\/2016\/04\/taglio-della-pianta-della-rosa-zbli\u017cenie.jpg\" \/>\n\t<meta property=\"og:image:width\" content=\"297\" \/>\n\t<meta property=\"og:image:height\" content=\"380\" \/>\n\t<meta property=\"og:image:type\" content=\"image\/jpeg\" \/>\n<meta name=\"author\" content=\"Rozaria.pl\" \/>\n<meta name=\"twitter:card\" content=\"summary_large_image\" \/>\n<meta name=\"twitter:creator\" content=\"@SzkolkaRozaria\" \/>\n<meta name=\"twitter:site\" content=\"@SzkolkaRozaria\" \/>\n<meta name=\"twitter:label1\" content=\"Napisane przez\" \/>\n\t<meta name=\"twitter:data1\" content=\"Rozaria.pl\" \/>\n\t<meta name=\"twitter:label2\" content=\"Szacowany czas czytania\" \/>\n\t<meta name=\"twitter:data2\" content=\"4 minuty\" \/>\n<script type=\"application\/ld+json\" class=\"yoast-schema-graph\">{\"@context\":\"https:\/\/schema.org\",\"@graph\":[{\"@type\":\"Article\",\"@id\":\"https:\/\/rozaria.pl\/blog\/wiosenne-porzadki-wsrod-roz\/#article\",\"isPartOf\":{\"@id\":\"https:\/\/rozaria.pl\/blog\/wiosenne-porzadki-wsrod-roz\/\"},\"author\":{\"name\":\"Rozaria.pl\",\"@id\":\"https:\/\/rozaria.pl\/blog\/#\/schema\/person\/31b3805d5058ea1cffed1d8efb6e2513\"},\"headline\":\"Wiosenne porz\u0105dki w\u015br\u00f3d r\u00f3\u017c\",\"datePublished\":\"2016-04-12T15:43:52+00:00\",\"dateModified\":\"2017-11-05T20:44:39+00:00\",\"mainEntityOfPage\":{\"@id\":\"https:\/\/rozaria.pl\/blog\/wiosenne-porzadki-wsrod-roz\/\"},\"wordCount\":903,\"commentCount\":2,\"publisher\":{\"@id\":\"https:\/\/rozaria.pl\/blog\/#organization\"},\"image\":{\"@id\":\"https:\/\/rozaria.pl\/blog\/wiosenne-porzadki-wsrod-roz\/#primaryimage\"},\"thumbnailUrl\":\"https:\/\/rozaria.pl\/blog\/wp-content\/uploads\/2016\/04\/taglio-della-pianta-della-rosa-zbli\u017cenie.jpg\",\"keywords\":[\"kiedy przycina\u0107 r\u00f3\u017ce\",\"porz\u0105dki w\u015br\u00f3d r\u00f3\u017c\",\"r\u00f3\u017ce ci\u0119cie\",\"r\u00f3\u017ce piel\u0119gnacja\",\"r\u00f3\u017ce przycinanie\"],\"articleSection\":[\"Uprawa\"],\"inLanguage\":\"pl-PL\",\"potentialAction\":[{\"@type\":\"CommentAction\",\"name\":\"Comment\",\"target\":[\"https:\/\/rozaria.pl\/blog\/wiosenne-porzadki-wsrod-roz\/#respond\"]}]},{\"@type\":\"WebPage\",\"@id\":\"https:\/\/rozaria.pl\/blog\/wiosenne-porzadki-wsrod-roz\/\",\"url\":\"https:\/\/rozaria.pl\/blog\/wiosenne-porzadki-wsrod-roz\/\",\"name\":\"Wiosenne porz\u0105dki w\u015br\u00f3d r\u00f3\u017c - blog Rozaria.pl\",\"isPartOf\":{\"@id\":\"https:\/\/rozaria.pl\/blog\/#website\"},\"primaryImageOfPage\":{\"@id\":\"https:\/\/rozaria.pl\/blog\/wiosenne-porzadki-wsrod-roz\/#primaryimage\"},\"image\":{\"@id\":\"https:\/\/rozaria.pl\/blog\/wiosenne-porzadki-wsrod-roz\/#primaryimage\"},\"thumbnailUrl\":\"https:\/\/rozaria.pl\/blog\/wp-content\/uploads\/2016\/04\/taglio-della-pianta-della-rosa-zbli\u017cenie.jpg\",\"datePublished\":\"2016-04-12T15:43:52+00:00\",\"dateModified\":\"2017-11-05T20:44:39+00:00\",\"breadcrumb\":{\"@id\":\"https:\/\/rozaria.pl\/blog\/wiosenne-porzadki-wsrod-roz\/#breadcrumb\"},\"inLanguage\":\"pl-PL\",\"potentialAction\":[{\"@type\":\"ReadAction\",\"target\":[\"https:\/\/rozaria.pl\/blog\/wiosenne-porzadki-wsrod-roz\/\"]}]},{\"@type\":\"ImageObject\",\"inLanguage\":\"pl-PL\",\"@id\":\"https:\/\/rozaria.pl\/blog\/wiosenne-porzadki-wsrod-roz\/#primaryimage\",\"url\":\"https:\/\/rozaria.pl\/blog\/wp-content\/uploads\/2016\/04\/taglio-della-pianta-della-rosa-zbli\u017cenie.jpg\",\"contentUrl\":\"https:\/\/rozaria.pl\/blog\/wp-content\/uploads\/2016\/04\/taglio-della-pianta-della-rosa-zbli\u017cenie.jpg\",\"width\":297,\"height\":380,\"caption\":\"wiosenne porz\u0105dki w\u015br\u00f3d r\u00f3\u017c - ci\u0119cie\"},{\"@type\":\"BreadcrumbList\",\"@id\":\"https:\/\/rozaria.pl\/blog\/wiosenne-porzadki-wsrod-roz\/#breadcrumb\",\"itemListElement\":[{\"@type\":\"ListItem\",\"position\":1,\"name\":\"Strona g\u0142\u00f3wna\",\"item\":\"https:\/\/rozaria.pl\/blog\/\"},{\"@type\":\"ListItem\",\"position\":2,\"name\":\"Wiosenne porz\u0105dki w\u015br\u00f3d r\u00f3\u017c\"}]},{\"@type\":\"WebSite\",\"@id\":\"https:\/\/rozaria.pl\/blog\/#website\",\"url\":\"https:\/\/rozaria.pl\/blog\/\",\"name\":\"blog Rozaria.pl\",\"description\":\"Porozmawiajmy o r\u00f3\u017cach, o wszystkich sprawach\",\"publisher\":{\"@id\":\"https:\/\/rozaria.pl\/blog\/#organization\"},\"potentialAction\":[{\"@type\":\"SearchAction\",\"target\":{\"@type\":\"EntryPoint\",\"urlTemplate\":\"https:\/\/rozaria.pl\/blog\/?s={search_term_string}\"},\"query-input\":{\"@type\":\"PropertyValueSpecification\",\"valueRequired\":true,\"valueName\":\"search_term_string\"}}],\"inLanguage\":\"pl-PL\"},{\"@type\":\"Organization\",\"@id\":\"https:\/\/rozaria.pl\/blog\/#organization\",\"name\":\"Szk\u00f3\u0142ka R\u00f3\u017c Rozaria\",\"url\":\"https:\/\/rozaria.pl\/blog\/\",\"logo\":{\"@type\":\"ImageObject\",\"inLanguage\":\"pl-PL\",\"@id\":\"https:\/\/rozaria.pl\/blog\/#\/schema\/logo\/image\/\",\"url\":\"https:\/\/rozaria.pl\/blog\/wp-content\/uploads\/2016\/12\/logo_dla-rozaria.png\",\"contentUrl\":\"https:\/\/rozaria.pl\/blog\/wp-content\/uploads\/2016\/12\/logo_dla-rozaria.png\",\"width\":400,\"height\":166,\"caption\":\"Szk\u00f3\u0142ka R\u00f3\u017c Rozaria\"},\"image\":{\"@id\":\"https:\/\/rozaria.pl\/blog\/#\/schema\/logo\/image\/\"},\"sameAs\":[\"https:\/\/www.facebook.com\/SzkolkaRozRozaria\/\",\"https:\/\/x.com\/SzkolkaRozaria\",\"https:\/\/www.youtube.com\/channel\/UCguKKBc7F06eYM1tzYx1Z5A\"]},{\"@type\":\"Person\",\"@id\":\"https:\/\/rozaria.pl\/blog\/#\/schema\/person\/31b3805d5058ea1cffed1d8efb6e2513\",\"name\":\"Rozaria.pl\",\"image\":{\"@type\":\"ImageObject\",\"inLanguage\":\"pl-PL\",\"@id\":\"https:\/\/rozaria.pl\/blog\/#\/schema\/person\/image\/\",\"url\":\"https:\/\/secure.gravatar.com\/avatar\/36c7e4b15b333b9fb573f9e54e7fcf52?s=96&d=mm&r=g\",\"contentUrl\":\"https:\/\/secure.gravatar.com\/avatar\/36c7e4b15b333b9fb573f9e54e7fcf52?s=96&d=mm&r=g\",\"caption\":\"Rozaria.pl\"},\"sameAs\":[\"https:\/\/www.rozaria.pl\",\"https:\/\/www.youtube.com\/channel\/UCguKKBc7F06eYM1tzYx1Z5A\"],\"url\":\"https:\/\/rozaria.pl\/blog\/author\/1rozanka\/\"}]}<\/script>\n<!-- \/ Yoast SEO plugin. -->","yoast_head_json":{"title":"Wiosenne porz\u0105dki w\u015br\u00f3d r\u00f3\u017c - blog Rozaria.pl","robots":{"index":"index","follow":"follow","max-snippet":"max-snippet:-1","max-image-preview":"max-image-preview:large","max-video-preview":"max-video-preview:-1"},"canonical":"https:\/\/rozaria.pl\/blog\/wiosenne-porzadki-wsrod-roz\/","og_locale":"pl_PL","og_type":"article","og_title":"Wiosenne porz\u0105dki w\u015br\u00f3d r\u00f3\u017c - blog Rozaria.pl","og_description":"Wiosenne porz\u0105dki w\u015br\u00f3d r\u00f3\u017c No i przysz\u0142a. Tak d\u0142ugo wyczekiwana, upragniona, wyt\u0119skniona wiosna. A wraz z ni\u0105, co? Oczywi\u015bcie wiosenne porz\u0105dki. Nie tylko w domu, nie tylko w szafach. Pora wyj\u015b\u0107 z czterech \u015bcian, wydosta\u0107 si\u0119 z zimowego letargu i [&hellip;]","og_url":"https:\/\/rozaria.pl\/blog\/wiosenne-porzadki-wsrod-roz\/","og_site_name":"blog Rozaria.pl","article_publisher":"https:\/\/www.facebook.com\/SzkolkaRozRozaria\/","article_published_time":"2016-04-12T15:43:52+00:00","article_modified_time":"2017-11-05T20:44:39+00:00","og_image":[{"width":297,"height":380,"url":"https:\/\/rozaria.pl\/blog\/wp-content\/uploads\/2016\/04\/taglio-della-pianta-della-rosa-zbli\u017cenie.jpg","type":"image\/jpeg"}],"author":"Rozaria.pl","twitter_card":"summary_large_image","twitter_creator":"@SzkolkaRozaria","twitter_site":"@SzkolkaRozaria","twitter_misc":{"Napisane przez":"Rozaria.pl","Szacowany czas czytania":"4 minuty"},"schema":{"@context":"https:\/\/schema.org","@graph":[{"@type":"Article","@id":"https:\/\/rozaria.pl\/blog\/wiosenne-porzadki-wsrod-roz\/#article","isPartOf":{"@id":"https:\/\/rozaria.pl\/blog\/wiosenne-porzadki-wsrod-roz\/"},"author":{"name":"Rozaria.pl","@id":"https:\/\/rozaria.pl\/blog\/#\/schema\/person\/31b3805d5058ea1cffed1d8efb6e2513"},"headline":"Wiosenne porz\u0105dki w\u015br\u00f3d r\u00f3\u017c","datePublished":"2016-04-12T15:43:52+00:00","dateModified":"2017-11-05T20:44:39+00:00","mainEntityOfPage":{"@id":"https:\/\/rozaria.pl\/blog\/wiosenne-porzadki-wsrod-roz\/"},"wordCount":903,"commentCount":2,"publisher":{"@id":"https:\/\/rozaria.pl\/blog\/#organization"},"image":{"@id":"https:\/\/rozaria.pl\/blog\/wiosenne-porzadki-wsrod-roz\/#primaryimage"},"thumbnailUrl":"https:\/\/rozaria.pl\/blog\/wp-content\/uploads\/2016\/04\/taglio-della-pianta-della-rosa-zbli\u017cenie.jpg","keywords":["kiedy przycina\u0107 r\u00f3\u017ce","porz\u0105dki w\u015br\u00f3d r\u00f3\u017c","r\u00f3\u017ce ci\u0119cie","r\u00f3\u017ce piel\u0119gnacja","r\u00f3\u017ce przycinanie"],"articleSection":["Uprawa"],"inLanguage":"pl-PL","potentialAction":[{"@type":"CommentAction","name":"Comment","target":["https:\/\/rozaria.pl\/blog\/wiosenne-porzadki-wsrod-roz\/#respond"]}]},{"@type":"WebPage","@id":"https:\/\/rozaria.pl\/blog\/wiosenne-porzadki-wsrod-roz\/","url":"https:\/\/rozaria.pl\/blog\/wiosenne-porzadki-wsrod-roz\/","name":"Wiosenne porz\u0105dki w\u015br\u00f3d r\u00f3\u017c - blog Rozaria.pl","isPartOf":{"@id":"https:\/\/rozaria.pl\/blog\/#website"},"primaryImageOfPage":{"@id":"https:\/\/rozaria.pl\/blog\/wiosenne-porzadki-wsrod-roz\/#primaryimage"},"image":{"@id":"https:\/\/rozaria.pl\/blog\/wiosenne-porzadki-wsrod-roz\/#primaryimage"},"thumbnailUrl":"https:\/\/rozaria.pl\/blog\/wp-content\/uploads\/2016\/04\/taglio-della-pianta-della-rosa-zbli\u017cenie.jpg","datePublished":"2016-04-12T15:43:52+00:00","dateModified":"2017-11-05T20:44:39+00:00","breadcrumb":{"@id":"https:\/\/rozaria.pl\/blog\/wiosenne-porzadki-wsrod-roz\/#breadcrumb"},"inLanguage":"pl-PL","potentialAction":[{"@type":"ReadAction","target":["https:\/\/rozaria.pl\/blog\/wiosenne-porzadki-wsrod-roz\/"]}]},{"@type":"ImageObject","inLanguage":"pl-PL","@id":"https:\/\/rozaria.pl\/blog\/wiosenne-porzadki-wsrod-roz\/#primaryimage","url":"https:\/\/rozaria.pl\/blog\/wp-content\/uploads\/2016\/04\/taglio-della-pianta-della-rosa-zbli\u017cenie.jpg","contentUrl":"https:\/\/rozaria.pl\/blog\/wp-content\/uploads\/2016\/04\/taglio-della-pianta-della-rosa-zbli\u017cenie.jpg","width":297,"height":380,"caption":"wiosenne porz\u0105dki w\u015br\u00f3d r\u00f3\u017c - ci\u0119cie"},{"@type":"BreadcrumbList","@id":"https:\/\/rozaria.pl\/blog\/wiosenne-porzadki-wsrod-roz\/#breadcrumb","itemListElement":[{"@type":"ListItem","position":1,"name":"Strona g\u0142\u00f3wna","item":"https:\/\/rozaria.pl\/blog\/"},{"@type":"ListItem","position":2,"name":"Wiosenne porz\u0105dki w\u015br\u00f3d r\u00f3\u017c"}]},{"@type":"WebSite","@id":"https:\/\/rozaria.pl\/blog\/#website","url":"https:\/\/rozaria.pl\/blog\/","name":"blog Rozaria.pl","description":"Porozmawiajmy o r\u00f3\u017cach, o wszystkich sprawach","publisher":{"@id":"https:\/\/rozaria.pl\/blog\/#organization"},"potentialAction":[{"@type":"SearchAction","target":{"@type":"EntryPoint","urlTemplate":"https:\/\/rozaria.pl\/blog\/?s={search_term_string}"},"query-input":{"@type":"PropertyValueSpecification","valueRequired":true,"valueName":"search_term_string"}}],"inLanguage":"pl-PL"},{"@type":"Organization","@id":"https:\/\/rozaria.pl\/blog\/#organization","name":"Szk\u00f3\u0142ka R\u00f3\u017c Rozaria","url":"https:\/\/rozaria.pl\/blog\/","logo":{"@type":"ImageObject","inLanguage":"pl-PL","@id":"https:\/\/rozaria.pl\/blog\/#\/schema\/logo\/image\/","url":"https:\/\/rozaria.pl\/blog\/wp-content\/uploads\/2016\/12\/logo_dla-rozaria.png","contentUrl":"https:\/\/rozaria.pl\/blog\/wp-content\/uploads\/2016\/12\/logo_dla-rozaria.png","width":400,"height":166,"caption":"Szk\u00f3\u0142ka R\u00f3\u017c Rozaria"},"image":{"@id":"https:\/\/rozaria.pl\/blog\/#\/schema\/logo\/image\/"},"sameAs":["https:\/\/www.facebook.com\/SzkolkaRozRozaria\/","https:\/\/x.com\/SzkolkaRozaria","https:\/\/www.youtube.com\/channel\/UCguKKBc7F06eYM1tzYx1Z5A"]},{"@type":"Person","@id":"https:\/\/rozaria.pl\/blog\/#\/schema\/person\/31b3805d5058ea1cffed1d8efb6e2513","name":"Rozaria.pl","image":{"@type":"ImageObject","inLanguage":"pl-PL","@id":"https:\/\/rozaria.pl\/blog\/#\/schema\/person\/image\/","url":"https:\/\/secure.gravatar.com\/avatar\/36c7e4b15b333b9fb573f9e54e7fcf52?s=96&d=mm&r=g","contentUrl":"https:\/\/secure.gravatar.com\/avatar\/36c7e4b15b333b9fb573f9e54e7fcf52?s=96&d=mm&r=g","caption":"Rozaria.pl"},"sameAs":["https:\/\/www.rozaria.pl","https:\/\/www.youtube.com\/channel\/UCguKKBc7F06eYM1tzYx1Z5A"],"url":"https:\/\/rozaria.pl\/blog\/author\/1rozanka\/"}]}},"_links":{"self":[{"href":"https:\/\/rozaria.pl\/blog\/wp-json\/wp\/v2\/posts\/1249"}],"collection":[{"href":"https:\/\/rozaria.pl\/blog\/wp-json\/wp\/v2\/posts"}],"about":[{"href":"https:\/\/rozaria.pl\/blog\/wp-json\/wp\/v2\/types\/post"}],"author":[{"embeddable":true,"href":"https:\/\/rozaria.pl\/blog\/wp-json\/wp\/v2\/users\/1"}],"replies":[{"embeddable":true,"href":"https:\/\/rozaria.pl\/blog\/wp-json\/wp\/v2\/comments?post=1249"}],"version-history":[{"count":8,"href":"https:\/\/rozaria.pl\/blog\/wp-json\/wp\/v2\/posts\/1249\/revisions"}],"predecessor-version":[{"id":1272,"href":"https:\/\/rozaria.pl\/blog\/wp-json\/wp\/v2\/posts\/1249\/revisions\/1272"}],"wp:featuredmedia":[{"embeddable":true,"href":"https:\/\/rozaria.pl\/blog\/wp-json\/wp\/v2\/media\/1265"}],"wp:attachment":[{"href":"https:\/\/rozaria.pl\/blog\/wp-json\/wp\/v2\/media?parent=1249"}],"wp:term":[{"taxonomy":"category","embeddable":true,"href":"https:\/\/rozaria.pl\/blog\/wp-json\/wp\/v2\/categories?post=1249"},{"taxonomy":"post_tag","embeddable":true,"href":"https:\/\/rozaria.pl\/blog\/wp-json\/wp\/v2\/tags?post=1249"}],"curies":[{"name":"wp","href":"https:\/\/api.w.org\/{rel}","templated":true}]}}