{"id":1117,"date":"2016-01-13T14:40:42","date_gmt":"2016-01-13T13:40:42","guid":{"rendered":"http:\/\/rozaria.pl\/blog\/?p=1117"},"modified":"2016-01-13T18:30:45","modified_gmt":"2016-01-13T17:30:45","slug":"rozowe-roze-w-naszych-ogrodach","status":"publish","type":"post","link":"https:\/\/rozaria.pl\/blog\/rozowe-roze-w-naszych-ogrodach\/","title":{"rendered":"R\u00f3\u017cowe r\u00f3\u017ce w naszych ogrodach"},"content":{"rendered":"<p><span style=\"font-family: arial, helvetica, sans-serif; font-size: 18pt;\">R\u00f3\u017cowe r\u00f3\u017ce \u2013 opis, charakteryzacja, popularne odmiany<\/span><\/p>\n<p><span style=\"font-family: arial, helvetica, sans-serif;\"> Jakie ma znaczenie r\u00f3\u017cowy kolor r\u00f3\u017c dla romantycznych par? Jak m\u00f3wi\u0105, to kwiat s\u0142odkich my\u015bli. Oznacza podziw, wdzi\u0119czno\u015b\u0107, szlachetno\u015b\u0107 i uznanie. R\u00f3\u017ce o ja\u015bniejszym wybarwieniu podkre\u015blaj\u0105 delikatno\u015b\u0107 i urok obdarowywanej kobiety, o ciemniejszym wyra\u017caj\u0105 serdeczne podzi\u0119kowania.<\/span><\/p>\n<h2 style=\"text-align: justify;\"><span style=\"font-family: arial, helvetica, sans-serif; font-size: 14pt;\"><em>R\u00f3\u017cowe r\u00f3\u017ce<\/em> niezawodne w ka\u017cdym ogrodzie<\/span><\/h2>\n<p style=\"text-align: justify;\"><span style=\"font-family: arial, helvetica, sans-serif;\"><span style=\"text-decoration: underline;\">R\u00f3\u017cowe r\u00f3\u017ce<\/span> zdecydowanie cz\u0119\u015bciej wybierane s\u0105 przez kobiety, a jest w czym wybiera\u0107, poniewa\u017c to najliczniejsza grupa r\u00f3\u017c w tak szerokiej gamie odcieni. Kojarzy si\u0119 z dzieci\u0144stwem, niewinno\u015bci\u0105, s\u0142odycz\u0105. Sprawdzi si\u0119 niemal\u017ce w ka\u017cdej ogrodowej kompozycji, poniewa\u017c kolor ten tworzy niesamowite ca\u0142o\u015bci z wieloma innymi kolorami. \u015amia\u0142o mo\u017cna podejmowa\u0107 ryzyko i zestawia\u0107 je z innymi kolorami czy odmianami r\u00f3\u017c. Bardzo dobrze te\u017c prezentuj\u0105 si\u0119 w otoczeniu innych krzew\u00f3w, traw czy bylin. W\u015br\u00f3d r\u00f3\u017cowych r\u00f3\u017c znajdziemy r\u00f3\u017ce parkowe, okrywowe, pienne i rabatowe. Dopasujemy do swoich potrzeb intensywnie pachn\u0105ce lub bezzapachowe, o wielkich pe\u0142nych kwiatach, kwiatach pojedynczych, czy mniejszych wielokwiatowych. Przy wyborze warto jednak zwr\u00f3ci\u0107 uwag\u0119, aby wybrane odmiany by\u0142y odporne na choroby i mrozy, aby ro\u015bliny nie by\u0142y uszkodzone, mia\u0142y zdrowe korzenie i li\u015bcie wolne od plam.<\/span><\/p>\n<p><span style=\"font-family: arial, helvetica, sans-serif; font-size: 14pt;\"><a href=\"http:\/\/rozaria.pl\/blog\/wp-content\/uploads\/2016\/01\/rose-de.jpg\" rel=\"attachment wp-att-1126\"><img loading=\"lazy\" decoding=\"async\" class=\"alignleft wp-image-1126 size-medium\" title=\"r\u00f3\u017cowe r\u00f3\u017ce - Rose de Resht\" src=\"http:\/\/rozaria.pl\/blog\/wp-content\/uploads\/2016\/01\/rose-de-300x264.jpg\" alt=\"r\u00f3\u017cowe r\u00f3\u017ce - Rose de Resht\" width=\"300\" height=\"264\" srcset=\"https:\/\/rozaria.pl\/blog\/wp-content\/uploads\/2016\/01\/rose-de-150x132.jpg 150w, https:\/\/rozaria.pl\/blog\/wp-content\/uploads\/2016\/01\/rose-de-300x264.jpg 300w, https:\/\/rozaria.pl\/blog\/wp-content\/uploads\/2016\/01\/rose-de.jpg 618w\" sizes=\"(max-width: 300px) 100vw, 300px\" \/><\/a>Rose de Resht r\u00f3\u017cowa damasce\u0144ska pi\u0119kno\u015b\u0107<\/span><\/p>\n<p style=\"text-align: justify;\"><span style=\"font-family: arial, helvetica, sans-serif;\"> Jej kwiaty jak i ca\u0142y krzew do z\u0142udzenia przypomina ogromn\u0105 piwoni\u0119. <a href=\"http:\/\/rozaria.pl\/roze-historyczne-rose-de-resht\" target=\"_blank\"><strong>Rose de Resht<\/strong> <\/a>to krzew bardzo \u0142atwy w uprawie i niemal\u017ce bez wymaga\u0144. Nawet dob\u00f3r stanowiska nie stanowi wi\u0119kszego problemu, odmiana ta dobrze si\u0119 czuje niemal\u017ce wsz\u0119dzie. Kwitnie bardziej lub mniej, ale przez ca\u0142y sezon. Jest bardzo mrozo i chorobo odporna. Zalicza si\u0119 do kategorii historycznych r\u00f3\u017c parkowych. Jej kwiaty s\u0105 \u015bredniej wielko\u015bci, niezbyt trwa\u0142e, ale za to pi\u0119knie i intensywnie pachn\u0105ce. \u015awietnie nadaje si\u0119 na niskie \u017cywop\u0142oty, rabaty, kwietniki czy jako soliter.<\/span><\/p>\n<p><span style=\"font-family: arial, helvetica, sans-serif; font-size: 14pt;\"><a href=\"http:\/\/rozaria.pl\/blog\/wp-content\/uploads\/2016\/01\/heidetraum.jpg\" rel=\"attachment wp-att-1127\"><img loading=\"lazy\" decoding=\"async\" class=\"alignright wp-image-1127 size-medium\" title=\"r\u00f3\u017cowe r\u00f3\u017ce\" src=\"http:\/\/rozaria.pl\/blog\/wp-content\/uploads\/2016\/01\/heidetraum-300x241.jpg\" alt=\"r\u00f3\u017cowe r\u00f3\u017ce\" width=\"300\" height=\"241\" srcset=\"https:\/\/rozaria.pl\/blog\/wp-content\/uploads\/2016\/01\/heidetraum-150x121.jpg 150w, https:\/\/rozaria.pl\/blog\/wp-content\/uploads\/2016\/01\/heidetraum-300x241.jpg 300w, https:\/\/rozaria.pl\/blog\/wp-content\/uploads\/2016\/01\/heidetraum.jpg 616w\" sizes=\"(max-width: 300px) 100vw, 300px\" \/><\/a>Niezawodna r\u00f3\u017cowa okrywowa \u00a0Heidetraum<\/span><\/p>\n<p style=\"text-align: justify;\"><span style=\"font-family: arial, helvetica, sans-serif;\"> Inn\u0105 bardzo praktyczn\u0105 odmian\u0105 <strong>r\u00f3\u017cowych r\u00f3\u017c<\/strong> jest <strong><a href=\"http:\/\/rozaria.pl\/roze-okrywowe-heidetraum\" target=\"_blank\">Heidetraum<\/a><\/strong>, bardzo odporna na choroby i mr\u00f3z r\u00f3\u017ca okrywowa. W uprawie nie stwarza \u017cadnych problem\u00f3w, nawet dla pocz\u0105tkuj\u0105cych ogrodnik\u00f3w. Bardzo dobrze sprawdza si\u0119, jako niski \u017cywop\u0142ot, lub r\u00f3\u017ca pn\u0105ca, podobno uprawa jej w donicy nawet mo\u017ce odnie\u015b\u0107 sukces. R\u00f3\u017ca pocz\u0105tkowo ro\u015bnie w g\u00f3r\u0119, a nast\u0119pnie pod ci\u0119\u017carem kwiat\u00f3w pi\u0119knie si\u0119 rozk\u0142ada. Jest bardzo g\u0119sto wyposa\u017cona w zielone, \u015bwiec\u0105ce li\u015bcie, przez co stanowi okaza\u0142\u0105 okryw\u0119. Kwitnie bardzo intensywnie, niemal\u017ce przez ca\u0142y sezon. Ma urocze, mocno r\u00f3\u017cowe kwiaty z bia\u0142ym \u015brodkiem i \u017c\u00f3\u0142tymi pr\u0119cikami, niestety ich zapach jest ledwo wyczuwalny. Kwiaty nie s\u0105 zbyt okaza\u0142e, jednak pojawiaj\u0105 si\u0119 po kilka, kilkana\u015bcie sztuk na jednym p\u0119dzie, co tworzy wspania\u0142e bukiety. W obecnych warunkach klimatycznych mo\u017ce si\u0119 okaza\u0107, \u017ce jeszcze w listopadzie nasz krzew b\u0119dzie obsypany kwiatami. Ro\u015bnie \u015bwietnie, nawet na zacienionych stanowiskach. Cz\u0119sto jest u\u017cywana, jako alternatywne rozwi\u0105zanie dla nieco ju\u017c nudnego i pracoch\u0142onnego zasiewu traw na stokach.<\/span><\/p>\n<h5 style=\"text-align: justify;\"><a href=\"http:\/\/rozaria.pl\/blog\/wp-content\/uploads\/2016\/01\/elmshorn1.jpg\" rel=\"attachment wp-att-1129\"><img loading=\"lazy\" decoding=\"async\" class=\"alignleft wp-image-1129 size-full\" title=\"r\u00f3\u017cowe r\u00f3\u017ce - Elmshorn\" src=\"http:\/\/rozaria.pl\/blog\/wp-content\/uploads\/2016\/01\/elmshorn1.jpg\" alt=\"r\u00f3\u017cowe r\u00f3\u017ce - Elmshorn\" width=\"740\" height=\"800\" srcset=\"https:\/\/rozaria.pl\/blog\/wp-content\/uploads\/2016\/01\/elmshorn1-139x150.jpg 139w, https:\/\/rozaria.pl\/blog\/wp-content\/uploads\/2016\/01\/elmshorn1-278x300.jpg 278w, https:\/\/rozaria.pl\/blog\/wp-content\/uploads\/2016\/01\/elmshorn1.jpg 740w\" sizes=\"(max-width: 740px) 100vw, 740px\" \/><\/a><\/h5>\n<h5 style=\"text-align: justify;\"><span style=\"font-size: 14pt; font-family: arial, helvetica, sans-serif;\">Mocno r\u00f3\u017cowy soliter w ogrodzie parkowa Elmshorn<\/span><\/h5>\n<p style=\"text-align: justify;\"><span style=\"font-family: arial, helvetica, sans-serif;\"><strong><a href=\"http:\/\/rozaria.pl\/roze-parkowe-elmshorn\" target=\"_blank\">Elmshorn<\/a><\/strong> to kolejna <em>r\u00f3\u017cowa r\u00f3\u017ca<\/em>. Nale\u017cy do kategorii r\u00f3\u017c parkowych. \u015awietnie prezentuje si\u0119 w ogrodach i ogr\u00f3dkach, nadaje si\u0119 nawet do uprawy w pojemnikach czy na kwiat ci\u0119ty. Na klombach pi\u0119knie prezentuje si\u0119 w towarzystwie na przyk\u0142ad niebieskich czy \u017c\u00f3\u0142tych bylin, a nawet s\u0105siedztwo iglak\u00f3w nie ujmuje jej uroku. To du\u017ca ro\u015blina, d\u0142ugo\u015b\u0107 jej p\u0119d\u00f3w mo\u017ce dochodzi\u0107 nawet do 2 metr\u00f3w. Za to ma wyj\u0105tkowo trwa\u0142e, pi\u0119kne pe\u0142ne kwiaty, kt\u00f3re z wiekiem zmieniaj\u0105 wybarwienie. Na pocz\u0105tku s\u0105 r\u00f3\u017cowe, a z czasem ich kolor zmienia si\u0119 w intensywny i g\u0142\u0119boki r\u00f3\u017c. S\u0105 \u015bredniej wielko\u015bci i zebrane w bogate kwiatostany. Pachn\u0105, bardzo przyjemnie, niekt\u00f3rzy twierdz\u0105, \u017ce zapach nieco przypomina aromat jab\u0142ka. Kwitnienie rozpoczyna wczesnym latem a ko\u0144czy dopiero, gdy zawitaj\u0105 mrozy, przez ca\u0142y sezon niemal\u017ce niezmiennie obficie. Dobrze znosi s\u0142absze gleby, jest bardzo odporna na choroby i mr\u00f3z, cho\u0107 lepiej nie ryzykowa\u0107 i zabezpieczy\u0107 j\u0105 na zim\u0119.<\/span><\/p>\n<h6 style=\"text-align: justify;\"><a href=\"http:\/\/rozaria.pl\/blog\/wp-content\/uploads\/2016\/01\/leonardo.jpg\" rel=\"attachment wp-att-1130\"><img loading=\"lazy\" decoding=\"async\" class=\"alignright wp-image-1130 size-large\" title=\"r\u00f3\u017cowe r\u00f3\u017ce - Leonardo da Vinci\" src=\"http:\/\/rozaria.pl\/blog\/wp-content\/uploads\/2016\/01\/leonardo-766x1024.jpg\" alt=\"r\u00f3\u017cowe r\u00f3\u017ce - Leonardo da Vinci\" width=\"747\" height=\"999\" srcset=\"https:\/\/rozaria.pl\/blog\/wp-content\/uploads\/2016\/01\/leonardo-112x150.jpg 112w, https:\/\/rozaria.pl\/blog\/wp-content\/uploads\/2016\/01\/leonardo-225x300.jpg 225w, https:\/\/rozaria.pl\/blog\/wp-content\/uploads\/2016\/01\/leonardo-766x1024.jpg 766w, https:\/\/rozaria.pl\/blog\/wp-content\/uploads\/2016\/01\/leonardo-768x1026.jpg 768w, https:\/\/rozaria.pl\/blog\/wp-content\/uploads\/2016\/01\/leonardo.jpg 1452w\" sizes=\"(max-width: 747px) 100vw, 747px\" \/><\/a><\/h6>\n<h6 style=\"text-align: justify;\"><span style=\"font-size: 14pt; font-family: arial, helvetica, sans-serif;\">Klasyczna pi\u0119kno\u015b\u0107 <span style=\"text-decoration: underline;\">r\u00f3\u017cowa r\u00f3\u017ca<\/span> do ma\u0142ych i du\u017cych ogrod\u00f3w Leonardo da Vinci<\/span><\/h6>\n<p style=\"text-align: justify;\"><span style=\"font-family: arial, helvetica, sans-serif;\">Nast\u0119pn\u0105 wszechstronn\u0105 odmian\u0105 <strong>r\u00f3\u017cowej r\u00f3\u017cy<\/strong> jest <strong><a href=\"http:\/\/rozaria.pl\/rozowe-roze-rabatowe-leonardo-da-vinci\" target=\"_blank\">Leonardo da Vinci<\/a><\/strong>. To r\u00f3\u017ca rabatowa, kt\u00f3ra z uwagi na kszta\u0142t swoich niezwyk\u0142ych kwiat\u00f3w, wyj\u0105tkowo prezentuje si\u0119 r\u00f3wnie\u017c w pojedynczych nasadzeniach. Jednak nadaje si\u0119 r\u00f3wnie\u017c na rabaty, kwietniki czy klomby. Mo\u017ce by\u0107 stosowana, jako kwiat ci\u0119ty. Kwitnie bardzo obficie i d\u0142ugo. Jej kwiaty maj\u0105 rozetkowy kszta\u0142t, s\u0105 wyj\u0105tkowo pe\u0142ne, bo wyposa\u017cone s\u0105 w niemal\u017ce 80 p\u0142atk\u00f3w ka\u017cdy. I do tego jeszcze pachn\u0105. Jej odporno\u015b\u0107 na choroby czy mr\u00f3z jest nieco mniejsza ni\u017c pozosta\u0142ych odmian, dlatego na zim\u0119 dobrze jest j\u0105 nieco zabezpieczy\u0107, ale rekompensuje nam to ilo\u015bci\u0105 kwiat\u00f3w i og\u00f3lna prezencj\u0105.<\/span><\/p>\n<p style=\"text-align: justify;\"><span style=\"font-family: arial, helvetica, sans-serif;\"> R\u00f3\u017ce potrafi\u0105 nam si\u0119 odwdzi\u0119czy\u0107 z nawi\u0105zk\u0105 za odrobin\u0119 uwagi. Wystarczy im nieco dobrego nawozu na wiosn\u0119, potem mo\u017ce w po\u0142owie sezonu, w\u0142a\u015bciwe ci\u0119cie i zabezpieczenie przed chorobami czy mrozem. Tylko tyle! A w zamian mo\u017cemy si\u0119 cieszy\u0107 pi\u0119knym, wielobarwnym i aromatycznym ogrodem. Pami\u0119ta\u0107 jeszcze nale\u017cy aby wybiera\u0107 w\u0142a\u015bciwe odmiany na wybrane stanowiska, gdy tego nie przypilnujemy nasza ca\u0142a praca mo\u017ce p\u00f3j\u015b\u0107 na marne. Najzwyczajniej r\u00f3\u017ca nie b\u0119dzie ros\u0142a ani satysfakcjonuj\u0105co kwit\u0142a na stanowisku, kt\u00f3rego nie toleruje.<\/span><\/p>\n","protected":false},"excerpt":{"rendered":"<p>R\u00f3\u017cowe r\u00f3\u017ce \u2013 opis, charakteryzacja, popularne odmiany Jakie ma znaczenie r\u00f3\u017cowy kolor r\u00f3\u017c dla romantycznych par? Jak m\u00f3wi\u0105, to kwiat s\u0142odkich my\u015bli. Oznacza podziw, wdzi\u0119czno\u015b\u0107, szlachetno\u015b\u0107 i uznanie. R\u00f3\u017ce o ja\u015bniejszym wybarwieniu podkre\u015blaj\u0105 delikatno\u015b\u0107 i urok obdarowywanej kobiety, o ciemniejszym [&hellip;]<\/p>\n","protected":false},"author":1,"featured_media":1124,"comment_status":"open","ping_status":"open","sticky":false,"template":"","format":"standard","meta":{"_mi_skip_tracking":false,"_monsterinsights_sitenote_active":false,"_monsterinsights_sitenote_note":"","_monsterinsights_sitenote_category":0,"footnotes":""},"categories":[4],"tags":[23,32,21,22,19],"yoast_head":"<!-- This site is optimized with the Yoast SEO plugin v23.5 - https:\/\/yoast.com\/wordpress\/plugins\/seo\/ -->\n<title>R\u00f3\u017cowe r\u00f3\u017ce w naszych ogrodach - blog Rozaria.pl<\/title>\n<meta name=\"robots\" content=\"index, follow, max-snippet:-1, max-image-preview:large, max-video-preview:-1\" \/>\n<link rel=\"canonical\" href=\"https:\/\/rozaria.pl\/blog\/rozowe-roze-w-naszych-ogrodach\/\" \/>\n<meta property=\"og:locale\" content=\"pl_PL\" \/>\n<meta property=\"og:type\" content=\"article\" \/>\n<meta property=\"og:title\" content=\"R\u00f3\u017cowe r\u00f3\u017ce w naszych ogrodach - blog Rozaria.pl\" \/>\n<meta property=\"og:description\" content=\"R\u00f3\u017cowe r\u00f3\u017ce \u2013 opis, charakteryzacja, popularne odmiany Jakie ma znaczenie r\u00f3\u017cowy kolor r\u00f3\u017c dla romantycznych par? Jak m\u00f3wi\u0105, to kwiat s\u0142odkich my\u015bli. Oznacza podziw, wdzi\u0119czno\u015b\u0107, szlachetno\u015b\u0107 i uznanie. R\u00f3\u017ce o ja\u015bniejszym wybarwieniu podkre\u015blaj\u0105 delikatno\u015b\u0107 i urok obdarowywanej kobiety, o ciemniejszym [&hellip;]\" \/>\n<meta property=\"og:url\" content=\"https:\/\/rozaria.pl\/blog\/rozowe-roze-w-naszych-ogrodach\/\" \/>\n<meta property=\"og:site_name\" content=\"blog Rozaria.pl\" \/>\n<meta property=\"article:publisher\" content=\"https:\/\/www.facebook.com\/SzkolkaRozRozaria\/\" \/>\n<meta property=\"article:published_time\" content=\"2016-01-13T13:40:42+00:00\" \/>\n<meta property=\"article:modified_time\" content=\"2016-01-13T17:30:45+00:00\" \/>\n<meta property=\"og:image\" content=\"https:\/\/rozaria.pl\/blog\/wp-content\/uploads\/2016\/01\/r\u00f3\u017cowe-r\u00f3\u017ce.jpg\" \/>\n\t<meta property=\"og:image:width\" content=\"1024\" \/>\n\t<meta property=\"og:image:height\" content=\"575\" \/>\n\t<meta property=\"og:image:type\" content=\"image\/jpeg\" \/>\n<meta name=\"author\" content=\"Rozaria.pl\" \/>\n<meta name=\"twitter:card\" content=\"summary_large_image\" \/>\n<meta name=\"twitter:creator\" content=\"@SzkolkaRozaria\" \/>\n<meta name=\"twitter:site\" content=\"@SzkolkaRozaria\" \/>\n<meta name=\"twitter:label1\" content=\"Napisane przez\" \/>\n\t<meta name=\"twitter:data1\" content=\"Rozaria.pl\" \/>\n\t<meta name=\"twitter:label2\" content=\"Szacowany czas czytania\" \/>\n\t<meta name=\"twitter:data2\" content=\"5 minut\" \/>\n<script type=\"application\/ld+json\" class=\"yoast-schema-graph\">{\"@context\":\"https:\/\/schema.org\",\"@graph\":[{\"@type\":\"Article\",\"@id\":\"https:\/\/rozaria.pl\/blog\/rozowe-roze-w-naszych-ogrodach\/#article\",\"isPartOf\":{\"@id\":\"https:\/\/rozaria.pl\/blog\/rozowe-roze-w-naszych-ogrodach\/\"},\"author\":{\"name\":\"Rozaria.pl\",\"@id\":\"https:\/\/rozaria.pl\/blog\/#\/schema\/person\/31b3805d5058ea1cffed1d8efb6e2513\"},\"headline\":\"R\u00f3\u017cowe r\u00f3\u017ce w naszych ogrodach\",\"datePublished\":\"2016-01-13T13:40:42+00:00\",\"dateModified\":\"2016-01-13T17:30:45+00:00\",\"mainEntityOfPage\":{\"@id\":\"https:\/\/rozaria.pl\/blog\/rozowe-roze-w-naszych-ogrodach\/\"},\"wordCount\":949,\"commentCount\":0,\"publisher\":{\"@id\":\"https:\/\/rozaria.pl\/blog\/#organization\"},\"image\":{\"@id\":\"https:\/\/rozaria.pl\/blog\/rozowe-roze-w-naszych-ogrodach\/#primaryimage\"},\"thumbnailUrl\":\"https:\/\/rozaria.pl\/blog\/wp-content\/uploads\/2016\/01\/r\u00f3\u017cowe-r\u00f3\u017ce.jpg\",\"keywords\":[\"r\u00f3\u017ce historyczne\",\"r\u00f3\u017ce ogrodowe\",\"r\u00f3\u017ce okrywowe\",\"r\u00f3\u017ce parkowe\",\"r\u00f3\u017ce rabatowe\"],\"articleSection\":[\"Ciekawostki\"],\"inLanguage\":\"pl-PL\",\"potentialAction\":[{\"@type\":\"CommentAction\",\"name\":\"Comment\",\"target\":[\"https:\/\/rozaria.pl\/blog\/rozowe-roze-w-naszych-ogrodach\/#respond\"]}]},{\"@type\":\"WebPage\",\"@id\":\"https:\/\/rozaria.pl\/blog\/rozowe-roze-w-naszych-ogrodach\/\",\"url\":\"https:\/\/rozaria.pl\/blog\/rozowe-roze-w-naszych-ogrodach\/\",\"name\":\"R\u00f3\u017cowe r\u00f3\u017ce w naszych ogrodach - blog Rozaria.pl\",\"isPartOf\":{\"@id\":\"https:\/\/rozaria.pl\/blog\/#website\"},\"primaryImageOfPage\":{\"@id\":\"https:\/\/rozaria.pl\/blog\/rozowe-roze-w-naszych-ogrodach\/#primaryimage\"},\"image\":{\"@id\":\"https:\/\/rozaria.pl\/blog\/rozowe-roze-w-naszych-ogrodach\/#primaryimage\"},\"thumbnailUrl\":\"https:\/\/rozaria.pl\/blog\/wp-content\/uploads\/2016\/01\/r\u00f3\u017cowe-r\u00f3\u017ce.jpg\",\"datePublished\":\"2016-01-13T13:40:42+00:00\",\"dateModified\":\"2016-01-13T17:30:45+00:00\",\"breadcrumb\":{\"@id\":\"https:\/\/rozaria.pl\/blog\/rozowe-roze-w-naszych-ogrodach\/#breadcrumb\"},\"inLanguage\":\"pl-PL\",\"potentialAction\":[{\"@type\":\"ReadAction\",\"target\":[\"https:\/\/rozaria.pl\/blog\/rozowe-roze-w-naszych-ogrodach\/\"]}]},{\"@type\":\"ImageObject\",\"inLanguage\":\"pl-PL\",\"@id\":\"https:\/\/rozaria.pl\/blog\/rozowe-roze-w-naszych-ogrodach\/#primaryimage\",\"url\":\"https:\/\/rozaria.pl\/blog\/wp-content\/uploads\/2016\/01\/r\u00f3\u017cowe-r\u00f3\u017ce.jpg\",\"contentUrl\":\"https:\/\/rozaria.pl\/blog\/wp-content\/uploads\/2016\/01\/r\u00f3\u017cowe-r\u00f3\u017ce.jpg\",\"width\":1024,\"height\":575},{\"@type\":\"BreadcrumbList\",\"@id\":\"https:\/\/rozaria.pl\/blog\/rozowe-roze-w-naszych-ogrodach\/#breadcrumb\",\"itemListElement\":[{\"@type\":\"ListItem\",\"position\":1,\"name\":\"Strona g\u0142\u00f3wna\",\"item\":\"https:\/\/rozaria.pl\/blog\/\"},{\"@type\":\"ListItem\",\"position\":2,\"name\":\"R\u00f3\u017cowe r\u00f3\u017ce w naszych ogrodach\"}]},{\"@type\":\"WebSite\",\"@id\":\"https:\/\/rozaria.pl\/blog\/#website\",\"url\":\"https:\/\/rozaria.pl\/blog\/\",\"name\":\"blog Rozaria.pl\",\"description\":\"Porozmawiajmy o r\u00f3\u017cach, o wszystkich sprawach\",\"publisher\":{\"@id\":\"https:\/\/rozaria.pl\/blog\/#organization\"},\"potentialAction\":[{\"@type\":\"SearchAction\",\"target\":{\"@type\":\"EntryPoint\",\"urlTemplate\":\"https:\/\/rozaria.pl\/blog\/?s={search_term_string}\"},\"query-input\":{\"@type\":\"PropertyValueSpecification\",\"valueRequired\":true,\"valueName\":\"search_term_string\"}}],\"inLanguage\":\"pl-PL\"},{\"@type\":\"Organization\",\"@id\":\"https:\/\/rozaria.pl\/blog\/#organization\",\"name\":\"Szk\u00f3\u0142ka R\u00f3\u017c Rozaria\",\"url\":\"https:\/\/rozaria.pl\/blog\/\",\"logo\":{\"@type\":\"ImageObject\",\"inLanguage\":\"pl-PL\",\"@id\":\"https:\/\/rozaria.pl\/blog\/#\/schema\/logo\/image\/\",\"url\":\"https:\/\/rozaria.pl\/blog\/wp-content\/uploads\/2016\/12\/logo_dla-rozaria.png\",\"contentUrl\":\"https:\/\/rozaria.pl\/blog\/wp-content\/uploads\/2016\/12\/logo_dla-rozaria.png\",\"width\":400,\"height\":166,\"caption\":\"Szk\u00f3\u0142ka R\u00f3\u017c Rozaria\"},\"image\":{\"@id\":\"https:\/\/rozaria.pl\/blog\/#\/schema\/logo\/image\/\"},\"sameAs\":[\"https:\/\/www.facebook.com\/SzkolkaRozRozaria\/\",\"https:\/\/x.com\/SzkolkaRozaria\",\"https:\/\/www.youtube.com\/channel\/UCguKKBc7F06eYM1tzYx1Z5A\"]},{\"@type\":\"Person\",\"@id\":\"https:\/\/rozaria.pl\/blog\/#\/schema\/person\/31b3805d5058ea1cffed1d8efb6e2513\",\"name\":\"Rozaria.pl\",\"image\":{\"@type\":\"ImageObject\",\"inLanguage\":\"pl-PL\",\"@id\":\"https:\/\/rozaria.pl\/blog\/#\/schema\/person\/image\/\",\"url\":\"https:\/\/secure.gravatar.com\/avatar\/36c7e4b15b333b9fb573f9e54e7fcf52?s=96&d=mm&r=g\",\"contentUrl\":\"https:\/\/secure.gravatar.com\/avatar\/36c7e4b15b333b9fb573f9e54e7fcf52?s=96&d=mm&r=g\",\"caption\":\"Rozaria.pl\"},\"sameAs\":[\"https:\/\/www.rozaria.pl\",\"https:\/\/www.youtube.com\/channel\/UCguKKBc7F06eYM1tzYx1Z5A\"],\"url\":\"https:\/\/rozaria.pl\/blog\/author\/1rozanka\/\"}]}<\/script>\n<!-- \/ Yoast SEO plugin. -->","yoast_head_json":{"title":"R\u00f3\u017cowe r\u00f3\u017ce w naszych ogrodach - blog Rozaria.pl","robots":{"index":"index","follow":"follow","max-snippet":"max-snippet:-1","max-image-preview":"max-image-preview:large","max-video-preview":"max-video-preview:-1"},"canonical":"https:\/\/rozaria.pl\/blog\/rozowe-roze-w-naszych-ogrodach\/","og_locale":"pl_PL","og_type":"article","og_title":"R\u00f3\u017cowe r\u00f3\u017ce w naszych ogrodach - blog Rozaria.pl","og_description":"R\u00f3\u017cowe r\u00f3\u017ce \u2013 opis, charakteryzacja, popularne odmiany Jakie ma znaczenie r\u00f3\u017cowy kolor r\u00f3\u017c dla romantycznych par? Jak m\u00f3wi\u0105, to kwiat s\u0142odkich my\u015bli. Oznacza podziw, wdzi\u0119czno\u015b\u0107, szlachetno\u015b\u0107 i uznanie. R\u00f3\u017ce o ja\u015bniejszym wybarwieniu podkre\u015blaj\u0105 delikatno\u015b\u0107 i urok obdarowywanej kobiety, o ciemniejszym [&hellip;]","og_url":"https:\/\/rozaria.pl\/blog\/rozowe-roze-w-naszych-ogrodach\/","og_site_name":"blog Rozaria.pl","article_publisher":"https:\/\/www.facebook.com\/SzkolkaRozRozaria\/","article_published_time":"2016-01-13T13:40:42+00:00","article_modified_time":"2016-01-13T17:30:45+00:00","og_image":[{"width":1024,"height":575,"url":"https:\/\/rozaria.pl\/blog\/wp-content\/uploads\/2016\/01\/r\u00f3\u017cowe-r\u00f3\u017ce.jpg","type":"image\/jpeg"}],"author":"Rozaria.pl","twitter_card":"summary_large_image","twitter_creator":"@SzkolkaRozaria","twitter_site":"@SzkolkaRozaria","twitter_misc":{"Napisane przez":"Rozaria.pl","Szacowany czas czytania":"5 minut"},"schema":{"@context":"https:\/\/schema.org","@graph":[{"@type":"Article","@id":"https:\/\/rozaria.pl\/blog\/rozowe-roze-w-naszych-ogrodach\/#article","isPartOf":{"@id":"https:\/\/rozaria.pl\/blog\/rozowe-roze-w-naszych-ogrodach\/"},"author":{"name":"Rozaria.pl","@id":"https:\/\/rozaria.pl\/blog\/#\/schema\/person\/31b3805d5058ea1cffed1d8efb6e2513"},"headline":"R\u00f3\u017cowe r\u00f3\u017ce w naszych ogrodach","datePublished":"2016-01-13T13:40:42+00:00","dateModified":"2016-01-13T17:30:45+00:00","mainEntityOfPage":{"@id":"https:\/\/rozaria.pl\/blog\/rozowe-roze-w-naszych-ogrodach\/"},"wordCount":949,"commentCount":0,"publisher":{"@id":"https:\/\/rozaria.pl\/blog\/#organization"},"image":{"@id":"https:\/\/rozaria.pl\/blog\/rozowe-roze-w-naszych-ogrodach\/#primaryimage"},"thumbnailUrl":"https:\/\/rozaria.pl\/blog\/wp-content\/uploads\/2016\/01\/r\u00f3\u017cowe-r\u00f3\u017ce.jpg","keywords":["r\u00f3\u017ce historyczne","r\u00f3\u017ce ogrodowe","r\u00f3\u017ce okrywowe","r\u00f3\u017ce parkowe","r\u00f3\u017ce rabatowe"],"articleSection":["Ciekawostki"],"inLanguage":"pl-PL","potentialAction":[{"@type":"CommentAction","name":"Comment","target":["https:\/\/rozaria.pl\/blog\/rozowe-roze-w-naszych-ogrodach\/#respond"]}]},{"@type":"WebPage","@id":"https:\/\/rozaria.pl\/blog\/rozowe-roze-w-naszych-ogrodach\/","url":"https:\/\/rozaria.pl\/blog\/rozowe-roze-w-naszych-ogrodach\/","name":"R\u00f3\u017cowe r\u00f3\u017ce w naszych ogrodach - blog Rozaria.pl","isPartOf":{"@id":"https:\/\/rozaria.pl\/blog\/#website"},"primaryImageOfPage":{"@id":"https:\/\/rozaria.pl\/blog\/rozowe-roze-w-naszych-ogrodach\/#primaryimage"},"image":{"@id":"https:\/\/rozaria.pl\/blog\/rozowe-roze-w-naszych-ogrodach\/#primaryimage"},"thumbnailUrl":"https:\/\/rozaria.pl\/blog\/wp-content\/uploads\/2016\/01\/r\u00f3\u017cowe-r\u00f3\u017ce.jpg","datePublished":"2016-01-13T13:40:42+00:00","dateModified":"2016-01-13T17:30:45+00:00","breadcrumb":{"@id":"https:\/\/rozaria.pl\/blog\/rozowe-roze-w-naszych-ogrodach\/#breadcrumb"},"inLanguage":"pl-PL","potentialAction":[{"@type":"ReadAction","target":["https:\/\/rozaria.pl\/blog\/rozowe-roze-w-naszych-ogrodach\/"]}]},{"@type":"ImageObject","inLanguage":"pl-PL","@id":"https:\/\/rozaria.pl\/blog\/rozowe-roze-w-naszych-ogrodach\/#primaryimage","url":"https:\/\/rozaria.pl\/blog\/wp-content\/uploads\/2016\/01\/r\u00f3\u017cowe-r\u00f3\u017ce.jpg","contentUrl":"https:\/\/rozaria.pl\/blog\/wp-content\/uploads\/2016\/01\/r\u00f3\u017cowe-r\u00f3\u017ce.jpg","width":1024,"height":575},{"@type":"BreadcrumbList","@id":"https:\/\/rozaria.pl\/blog\/rozowe-roze-w-naszych-ogrodach\/#breadcrumb","itemListElement":[{"@type":"ListItem","position":1,"name":"Strona g\u0142\u00f3wna","item":"https:\/\/rozaria.pl\/blog\/"},{"@type":"ListItem","position":2,"name":"R\u00f3\u017cowe r\u00f3\u017ce w naszych ogrodach"}]},{"@type":"WebSite","@id":"https:\/\/rozaria.pl\/blog\/#website","url":"https:\/\/rozaria.pl\/blog\/","name":"blog Rozaria.pl","description":"Porozmawiajmy o r\u00f3\u017cach, o wszystkich sprawach","publisher":{"@id":"https:\/\/rozaria.pl\/blog\/#organization"},"potentialAction":[{"@type":"SearchAction","target":{"@type":"EntryPoint","urlTemplate":"https:\/\/rozaria.pl\/blog\/?s={search_term_string}"},"query-input":{"@type":"PropertyValueSpecification","valueRequired":true,"valueName":"search_term_string"}}],"inLanguage":"pl-PL"},{"@type":"Organization","@id":"https:\/\/rozaria.pl\/blog\/#organization","name":"Szk\u00f3\u0142ka R\u00f3\u017c Rozaria","url":"https:\/\/rozaria.pl\/blog\/","logo":{"@type":"ImageObject","inLanguage":"pl-PL","@id":"https:\/\/rozaria.pl\/blog\/#\/schema\/logo\/image\/","url":"https:\/\/rozaria.pl\/blog\/wp-content\/uploads\/2016\/12\/logo_dla-rozaria.png","contentUrl":"https:\/\/rozaria.pl\/blog\/wp-content\/uploads\/2016\/12\/logo_dla-rozaria.png","width":400,"height":166,"caption":"Szk\u00f3\u0142ka R\u00f3\u017c Rozaria"},"image":{"@id":"https:\/\/rozaria.pl\/blog\/#\/schema\/logo\/image\/"},"sameAs":["https:\/\/www.facebook.com\/SzkolkaRozRozaria\/","https:\/\/x.com\/SzkolkaRozaria","https:\/\/www.youtube.com\/channel\/UCguKKBc7F06eYM1tzYx1Z5A"]},{"@type":"Person","@id":"https:\/\/rozaria.pl\/blog\/#\/schema\/person\/31b3805d5058ea1cffed1d8efb6e2513","name":"Rozaria.pl","image":{"@type":"ImageObject","inLanguage":"pl-PL","@id":"https:\/\/rozaria.pl\/blog\/#\/schema\/person\/image\/","url":"https:\/\/secure.gravatar.com\/avatar\/36c7e4b15b333b9fb573f9e54e7fcf52?s=96&d=mm&r=g","contentUrl":"https:\/\/secure.gravatar.com\/avatar\/36c7e4b15b333b9fb573f9e54e7fcf52?s=96&d=mm&r=g","caption":"Rozaria.pl"},"sameAs":["https:\/\/www.rozaria.pl","https:\/\/www.youtube.com\/channel\/UCguKKBc7F06eYM1tzYx1Z5A"],"url":"https:\/\/rozaria.pl\/blog\/author\/1rozanka\/"}]}},"_links":{"self":[{"href":"https:\/\/rozaria.pl\/blog\/wp-json\/wp\/v2\/posts\/1117"}],"collection":[{"href":"https:\/\/rozaria.pl\/blog\/wp-json\/wp\/v2\/posts"}],"about":[{"href":"https:\/\/rozaria.pl\/blog\/wp-json\/wp\/v2\/types\/post"}],"author":[{"embeddable":true,"href":"https:\/\/rozaria.pl\/blog\/wp-json\/wp\/v2\/users\/1"}],"replies":[{"embeddable":true,"href":"https:\/\/rozaria.pl\/blog\/wp-json\/wp\/v2\/comments?post=1117"}],"version-history":[{"count":22,"href":"https:\/\/rozaria.pl\/blog\/wp-json\/wp\/v2\/posts\/1117\/revisions"}],"predecessor-version":[{"id":1144,"href":"https:\/\/rozaria.pl\/blog\/wp-json\/wp\/v2\/posts\/1117\/revisions\/1144"}],"wp:featuredmedia":[{"embeddable":true,"href":"https:\/\/rozaria.pl\/blog\/wp-json\/wp\/v2\/media\/1124"}],"wp:attachment":[{"href":"https:\/\/rozaria.pl\/blog\/wp-json\/wp\/v2\/media?parent=1117"}],"wp:term":[{"taxonomy":"category","embeddable":true,"href":"https:\/\/rozaria.pl\/blog\/wp-json\/wp\/v2\/categories?post=1117"},{"taxonomy":"post_tag","embeddable":true,"href":"https:\/\/rozaria.pl\/blog\/wp-json\/wp\/v2\/tags?post=1117"}],"curies":[{"name":"wp","href":"https:\/\/api.w.org\/{rel}","templated":true}]}}